{"id":35940,"date":"2017-06-07T11:11:33","date_gmt":"2017-06-07T09:11:33","guid":{"rendered":"http:\/\/zjarr.tv\/?p=35940"},"modified":"2017-06-07T11:11:33","modified_gmt":"2017-06-07T09:11:33","slug":"parashikimi-i-berishes-ps-ja-parti-e-trete-rama-do-nise-greven-e-urise","status":"publish","type":"post","link":"https:\/\/zjarr.tv\/sq\/parashikimi-i-berishes-ps-ja-parti-e-trete-rama-do-nise-greven-e-urise\/","title":{"rendered":"Parashikimi i Berish\u00ebs: PS-ja parti e tret\u00eb, Rama do nis\u00eb grev\u00ebn e uris\u00eb"},"content":{"rendered":"<p>Ish-Kryeministri Sali Berisha me an\u00eb t\u00eb postimi n\u00eb Facebook shkruan se PS-ja do dal\u00eb forc\u00eb e tret\u00eb n\u00eb k\u00ebto zgjedhje, dhe se Kryeministri Rama pas humbjes do nis\u00eb grev\u00ebn e uris\u00eb n\u00eb vjesht\u00eb.<\/p>\n<p><em><strong>Reagimi i plot\u00eb i Berish\u00ebs:<\/strong><\/em><\/p>\n<p><em>Edi Rama pregatitet per kapitullimin final<\/em><\/p>\n<p><em>Rama me pare ishte zotuar se\u00a0<\/em><br \/>\n<em>\u2013 po te humbiste zgjedhjet do te jepte doreheqjen<\/em><br \/>\n<em>\u2013 Rama parmbreme tek Balla hoqi dore nga zotimi i meparshem dhe deklaroi se\u00a0<\/em><br \/>\n<em>\u2013 po te dale PS parti e dyte, do te jape doreheqjen.<\/em><br \/>\n<em>Me kete, Rama pranoi haptas se nuk sheh fitore ne horizont!<\/em><br \/>\n<em>Javen e ardheshme ndiqeni pasi Rama do te deklaroje se vetem po te dale parti e trete do te jape doreheqjen. Prandaj o si\u00e7iliste, pregatituni per nje greve te re urie vjeshten qe vjen! sb<\/em><\/p>\n","protected":false},"excerpt":{"rendered":"<p>Ish-Kryeministri Sali Berisha me an\u00eb t\u00eb postimi n\u00eb Facebook shkruan se PS-ja do dal\u00eb forc\u00eb e tret\u00eb n\u00eb k\u00ebto zgjedhje, dhe se Kryeministri Rama pas humbjes do nis\u00eb grev\u00ebn e uris\u00eb n\u00eb vjesht\u00eb. Reagimi i plot\u00eb i Berish\u00ebs: Edi Rama pregatitet per kapitullimin final Rama me pare ishte zotuar se\u00a0 \u2013 po te humbiste zgjedhjet [&hellip;]<\/p>\n","protected":false},"author":2044,"featured_media":0,"comment_status":"closed","ping_status":"closed","sticky":false,"template":"","format":"standard","meta":{"footnotes":""},"categories":[198,241,231,235],"tags":[],"class_list":{"0":"post-35940","1":"post","2":"type-post","3":"status-publish","4":"format-standard","6":"category-360-grade","7":"category-aktualitet","8":"category-lajme","9":"category-vendi"},"_links":{"self":[{"href":"https:\/\/zjarr.tv\/sq\/wp-json\/wp\/v2\/posts\/35940","targetHints":{"allow":["GET"]}}],"collection":[{"href":"https:\/\/zjarr.tv\/sq\/wp-json\/wp\/v2\/posts"}],"about":[{"href":"https:\/\/zjarr.tv\/sq\/wp-json\/wp\/v2\/types\/post"}],"author":[{"embeddable":true,"href":"https:\/\/zjarr.tv\/sq\/wp-json\/wp\/v2\/users\/2044"}],"replies":[{"embeddable":true,"href":"https:\/\/zjarr.tv\/sq\/wp-json\/wp\/v2\/comments?post=35940"}],"version-history":[{"count":0,"href":"https:\/\/zjarr.tv\/sq\/wp-json\/wp\/v2\/posts\/35940\/revisions"}],"wp:attachment":[{"href":"https:\/\/zjarr.tv\/sq\/wp-json\/wp\/v2\/media?parent=35940"}],"wp:term":[{"taxonomy":"category","embeddable":true,"href":"https:\/\/zjarr.tv\/sq\/wp-json\/wp\/v2\/categories?post=35940"},{"taxonomy":"post_tag","embeddable":true,"href":"https:\/\/zjarr.tv\/sq\/wp-json\/wp\/v2\/tags?post=35940"}],"curies":[{"name":"wp","href":"https:\/\/api.w.org\/{rel}","templated":true}]}}