{"id":35988,"date":"2017-06-08T12:30:40","date_gmt":"2017-06-08T10:30:40","guid":{"rendered":"http:\/\/zjarr.tv\/?p=35988"},"modified":"2017-06-08T12:30:40","modified_gmt":"2017-06-08T10:30:40","slug":"manjani-qeveria-e-rilindjes-shemb-monumentet-kulturore","status":"publish","type":"post","link":"https:\/\/zjarr.tv\/sq\/manjani-qeveria-e-rilindjes-shemb-monumentet-kulturore\/","title":{"rendered":"Manjani: Qeveria e Rilindjes shemb monumentet kulturore"},"content":{"rendered":"<p>Ish-ministri i Drejt\u00ebsis\u00eb, Ylli Manjani, n\u00eb nj\u00eb status n\u00eb Facebook ka denoncuar rr\u00ebnimin e nj\u00eb manastiri\u00a0400 vjecar n\u00eb Leshnic\u00eb t\u00eb Sarand\u00ebs nd\u00ebrkoh\u00eb q\u00eb kryeministri Edi Rama ndodhet n\u00eb Sarand\u00eb p\u00ebr fushat\u00ebn elektorale t\u00eb 25 qershorit.<\/p>\n<p>Manasti mbi 400-vje\u00e7ar i\u00a0Sh\u00ebn Athanasit n\u00eb Leshnic\u00ebn e Poshtme, objekt i kategoris\u00eb s\u00eb par\u00eb, rreth 50 km larg\u00a0Sarand\u00ebs \u00ebsht\u00eb l\u00ebn\u00eb totalisht pas dore derisa \u00ebsht\u00eb rr\u00ebnuar.<\/p>\n<p>Sipas Manjanit, jan\u00eb shpenzuar mij\u00ebra dhe miliona euro me pretekstin se po p\u00ebrmir\u00ebsojn\u00eb qytetet dhe po restaurojn\u00eb objektet kulturore por asnj\u00eb investim nuk \u00ebsht\u00eb b\u00ebr\u00eb p\u00ebr manastirin e\u00a0Sh\u00ebn Athanasit, i cili \u00ebsht\u00eb rr\u00ebnuar.<\/p>\n<blockquote><p>Ky manastir 400 vjecar u shemb, jo nga terrorizmi por nga qeveria e Rilindjes!, ka shkraur Manjani n\u00eb Facebook.<\/p>\n<p>https:\/\/www.facebook.com\/permalink.php?story_fbid=302212733556507&#038;id=100013033472627<\/p><\/blockquote>\n","protected":false},"excerpt":{"rendered":"<p>Ish-ministri i Drejt\u00ebsis\u00eb, Ylli Manjani, n\u00eb nj\u00eb status n\u00eb Facebook ka denoncuar rr\u00ebnimin e nj\u00eb manastiri\u00a0400 vjecar n\u00eb Leshnic\u00eb t\u00eb Sarand\u00ebs nd\u00ebrkoh\u00eb q\u00eb kryeministri Edi Rama ndodhet n\u00eb Sarand\u00eb p\u00ebr fushat\u00ebn elektorale t\u00eb 25 qershorit. Manasti mbi 400-vje\u00e7ar i\u00a0Sh\u00ebn Athanasit n\u00eb Leshnic\u00ebn e Poshtme, objekt i kategoris\u00eb s\u00eb par\u00eb, rreth 50 km larg\u00a0Sarand\u00ebs \u00ebsht\u00eb l\u00ebn\u00eb [&hellip;]<\/p>\n","protected":false},"author":2044,"featured_media":0,"comment_status":"closed","ping_status":"closed","sticky":false,"template":"","format":"standard","meta":{"footnotes":""},"categories":[198,241,231,1,235],"tags":[],"class_list":{"0":"post-35988","1":"post","2":"type-post","3":"status-publish","4":"format-standard","6":"category-360-grade","7":"category-aktualitet","8":"category-lajme","9":"category-uncategorized-sq","10":"category-vendi"},"_links":{"self":[{"href":"https:\/\/zjarr.tv\/sq\/wp-json\/wp\/v2\/posts\/35988","targetHints":{"allow":["GET"]}}],"collection":[{"href":"https:\/\/zjarr.tv\/sq\/wp-json\/wp\/v2\/posts"}],"about":[{"href":"https:\/\/zjarr.tv\/sq\/wp-json\/wp\/v2\/types\/post"}],"author":[{"embeddable":true,"href":"https:\/\/zjarr.tv\/sq\/wp-json\/wp\/v2\/users\/2044"}],"replies":[{"embeddable":true,"href":"https:\/\/zjarr.tv\/sq\/wp-json\/wp\/v2\/comments?post=35988"}],"version-history":[{"count":0,"href":"https:\/\/zjarr.tv\/sq\/wp-json\/wp\/v2\/posts\/35988\/revisions"}],"wp:attachment":[{"href":"https:\/\/zjarr.tv\/sq\/wp-json\/wp\/v2\/media?parent=35988"}],"wp:term":[{"taxonomy":"category","embeddable":true,"href":"https:\/\/zjarr.tv\/sq\/wp-json\/wp\/v2\/categories?post=35988"},{"taxonomy":"post_tag","embeddable":true,"href":"https:\/\/zjarr.tv\/sq\/wp-json\/wp\/v2\/tags?post=35988"}],"curies":[{"name":"wp","href":"https:\/\/api.w.org\/{rel}","templated":true}]}}