{"id":37082,"date":"2017-08-12T16:04:15","date_gmt":"2017-08-12T14:04:15","guid":{"rendered":"http:\/\/zjarr.tv\/?p=37082"},"modified":"2017-08-12T16:04:15","modified_gmt":"2017-08-12T14:04:15","slug":"lufte-me-zjarret-mesoni-cilat-jane-zonat-me-problematike","status":"publish","type":"post","link":"https:\/\/zjarr.tv\/sq\/lufte-me-zjarret-mesoni-cilat-jane-zonat-me-problematike\/","title":{"rendered":"Luft\u00eb me zjarret \u2013 M\u00ebsoni cilat jan\u00eb zonat m\u00eb problematike"},"content":{"rendered":"<p>Emergjencat Civile raportojn\u00eb se gjat\u00eb 24 or\u00ebve t\u00eb fundit n\u00eb vendin ton\u00eb jan\u00eb sh\u00ebnuar 8 vatra zjarri n\u00eb qarqet Tiran\u00eb, Dib\u00ebr, Durr\u00ebs, Fier, Vlor\u00eb dhe Gjirokast\u00ebr.<\/p>\n<p>Sipas EC, n\u00eb operacionet e shuarjes s\u00eb flak\u00ebve kan\u00eb marr\u00eb pjes\u00eb 75 punonj\u00ebs zjarrfik\u00ebs, 13 automjete zjarrfik\u00ebse, 100 personel nga Forcat t\u00eb Armatosura t\u00eb Ushtris\u00eb, dhjet\u00ebra banor\u00eb t\u00eb zonave t\u00eb prekura, 88 punonj\u00ebs t\u00eb Pyjores, t\u00eb DMZ, t\u00eb bashkive etj, t\u00eb mb\u00ebshtetur nga helikopter\u00eb dhe avion\u00eb.<\/p>\n<p>Kujtojm\u00eb se dit\u00ebn e djeshme n\u00eb Gjirokast\u00ebr dhe n\u00eb Mallakast\u00ebr, situata ishte tejet e r\u00ebnd\u00eb, ku u rrezikuan jet\u00ebt e disa familjeve, si dhe u p\u00ebrfshin\u00eb n\u00eb flak\u00eb 3 sht\u00ebpi.<\/p>\n<p><em><strong>Kjo \u00ebsht\u00eb situata aktuale n\u00eb qarqe:<\/strong><\/em><\/p>\n<p><em>QARKU TIRAN\u00cb<\/em><br \/>\n<em>Operacioni p\u00ebr shuarjen e vatrave t\u00eb zjarrit n\u00eb Malin e Derjes pran\u00eb fshatit Sh\u00ebngjergj, bashkia Tiran\u00eb vijon ende dhe n\u00eb t\u00eb jan\u00eb angazhuar forca t\u00eb Pyjores, t\u00eb Drejtoris\u00eb s\u00eb Zonave t\u00eb Mbrojtura Tiran\u00eb dhe forca ushtarake. Vatrat zjarrit jan\u00eb aktive dhe nuk ka qen\u00eb e mundur t\u00eb izolohen p\u00ebr shkak t\u00eb terrenit t\u00eb thyer dhe intensitetit t\u00eb lart\u00eb. Si pasoj\u00eb e zjarrit \u00ebsht\u00eb djegur nj\u00eb sip\u00ebrfaqe e madhe me shkurre dhe pisha.<\/em><\/p>\n<p><em>N\u00eb fshatin Ku\u00e7, bashkia Vor\u00eb jan\u00eb aktive vatrat e zjarrit. N\u00eb vendngjarje jan\u00eb forcat zjarrfik\u00ebse, t\u00eb mb\u00ebshtetura nga forca ushtarake. Sot n\u00eb m\u00ebngjes ka nisur t\u00eb operoj\u00eb dhe nj\u00eb helikopter p\u00ebr shuarjen p\u00ebrfundimtare t\u00eb zjarrit.<\/em><\/p>\n<p><em>QARKU DIB\u00cbR<\/em><br \/>\n<em>Nj\u00eb vat\u00ebr e fuqishme zjarri ka r\u00ebn\u00eb n\u00eb fshatin Bllat\u00eb, Maqellar\u00eb, bashkia Dib\u00ebr. Zjarrfik\u00ebsit e kan\u00eb pasur t\u00eb v\u00ebshtir\u00eb t\u00eb nd\u00ebrhyjn\u00eb p\u00ebr shkak t\u00eb terrenit t\u00eb thyer malor dhe sip\u00ebrfaqes s\u00eb madhe t\u00eb zjarrit. Sot kan\u00eb shkuar n\u00eb ndihm\u00eb edhe forca t\u00eb ushtris\u00eb p\u00ebr t\u00eb shuar zjarrin, i cili rrezikon banesat e fshatit.<\/em><\/p>\n<p><em>QARKU VLOR\u00cb<\/em><br \/>\n<em>Vazhdojn\u00eb t\u00eb jen\u00eb aktive vatrat e zjarrit n\u00eb territorin e bashkis\u00eb Finiq. Situata ka qen\u00eb m\u00eb e r\u00ebnd\u00eb n\u00eb fshatin Dhrovjan. Forcat zjarrfik\u00ebse me mjete dhe banor\u00ebt e zon\u00ebs kan\u00eb punuar p\u00ebr t\u00eb mbajtur flak\u00ebt larg zon\u00ebs s\u00eb banuar. Sot pritet q\u00eb t\u00eb shkoj\u00eb nj\u00eb helikopter dhe t\u00eb shuaj\u00eb vatrat e zjarrit.<\/em><\/p>\n<p><em>QARKU GJIROKAST\u00cbR<\/em><br \/>\n<em>Jan\u00eb ende aktive vatrat e zjarrit n\u00eb fshatrat Frashtan dhe Lugar, bashkia Dropull. N\u00eb vendngjarje po punojn\u00eb zjarrfik\u00ebsit, t\u00eb mb\u00ebshtetur nga forca ushtarake, punonj\u00ebs t\u00eb bashkis\u00eb, forca t\u00eb Policis\u00eb s\u00eb Shtetit dhe banor\u00eb t\u00eb zon\u00ebs. N\u00eb aksion jan\u00eb p\u00ebrfshir\u00eb edhe 2 avion\u00eb Canadair nga Greqia, por vatrat e zjarrit nuk ka qen\u00eb e mundur t\u00eb shuhen. Situat\u00eb problematike \u00ebsht\u00eb vatra mbi fshatin Bularat ku rrezikohet nj\u00eb sip\u00ebrfaqe e madhe pyjore.<\/em><\/p>\n<p><em>QARKU DURR\u00cbS<\/em><br \/>\n<em>N\u00eb fshatin Cudhi t\u00eb bashkis\u00eb Kruj\u00eb ka r\u00ebn\u00eb zjarr i cili rrezikon Parkun Komb\u00ebtar t\u00eb Qaf\u00eb Shtam\u00ebs. Zjarrfik\u00ebsit, bashk\u00eb me forca t\u00eb pyjores, banor\u00eb t\u00eb zon\u00ebs dhe forca t\u00eb bashkis\u00eb jan\u00eb n\u00eb vendngjarje p\u00ebr t\u00eb mbajtur zjarrin n\u00ebn kontroll. Vatrat e zjarrit vazhdojn\u00eb t\u00eb jen\u00eb aktive.<\/em><\/p>\n<p><em>QARKU FIER<\/em><br \/>\n<em>N\u00eb fshatin \u00c7orrush t\u00eb bashkis\u00eb Mallakast\u00ebr, ka r\u00ebn\u00eb zjarr n\u00eb nj\u00eb sip\u00ebrfaqe me shkurre, pisha dhe ullishte. N\u00eb vendngjarje kan\u00eb shkuar zjarrfik\u00ebsit e 3 bashkive si dhe forca ushtarake t\u00eb cilat kan\u00eb shuar zjarrin. Si pasoj\u00eb u dogj nj\u00eb sip\u00ebrfaqe e madhe me shkurre dhe pisha, 3 banesa t\u00eb pabanuara dhe rreth 4000 rr\u00ebnj\u00eb ulliri.<\/em><\/p>\n","protected":false},"excerpt":{"rendered":"<p>Emergjencat Civile raportojn\u00eb se gjat\u00eb 24 or\u00ebve t\u00eb fundit n\u00eb vendin ton\u00eb jan\u00eb sh\u00ebnuar 8 vatra zjarri n\u00eb qarqet Tiran\u00eb, Dib\u00ebr, Durr\u00ebs, Fier, Vlor\u00eb dhe Gjirokast\u00ebr. Sipas EC, n\u00eb operacionet e shuarjes s\u00eb flak\u00ebve kan\u00eb marr\u00eb pjes\u00eb 75 punonj\u00ebs zjarrfik\u00ebs, 13 automjete zjarrfik\u00ebse, 100 personel nga Forcat t\u00eb Armatosura t\u00eb Ushtris\u00eb, dhjet\u00ebra banor\u00eb t\u00eb zonave [&hellip;]<\/p>\n","protected":false},"author":2044,"featured_media":0,"comment_status":"closed","ping_status":"closed","sticky":false,"template":"","format":"standard","meta":{"footnotes":""},"categories":[198,241,231,235],"tags":[],"class_list":{"0":"post-37082","1":"post","2":"type-post","3":"status-publish","4":"format-standard","6":"category-360-grade","7":"category-aktualitet","8":"category-lajme","9":"category-vendi"},"_links":{"self":[{"href":"https:\/\/zjarr.tv\/sq\/wp-json\/wp\/v2\/posts\/37082","targetHints":{"allow":["GET"]}}],"collection":[{"href":"https:\/\/zjarr.tv\/sq\/wp-json\/wp\/v2\/posts"}],"about":[{"href":"https:\/\/zjarr.tv\/sq\/wp-json\/wp\/v2\/types\/post"}],"author":[{"embeddable":true,"href":"https:\/\/zjarr.tv\/sq\/wp-json\/wp\/v2\/users\/2044"}],"replies":[{"embeddable":true,"href":"https:\/\/zjarr.tv\/sq\/wp-json\/wp\/v2\/comments?post=37082"}],"version-history":[{"count":0,"href":"https:\/\/zjarr.tv\/sq\/wp-json\/wp\/v2\/posts\/37082\/revisions"}],"wp:attachment":[{"href":"https:\/\/zjarr.tv\/sq\/wp-json\/wp\/v2\/media?parent=37082"}],"wp:term":[{"taxonomy":"category","embeddable":true,"href":"https:\/\/zjarr.tv\/sq\/wp-json\/wp\/v2\/categories?post=37082"},{"taxonomy":"post_tag","embeddable":true,"href":"https:\/\/zjarr.tv\/sq\/wp-json\/wp\/v2\/tags?post=37082"}],"curies":[{"name":"wp","href":"https:\/\/api.w.org\/{rel}","templated":true}]}}