{"id":37223,"date":"2017-09-04T13:54:21","date_gmt":"2017-09-04T11:54:21","guid":{"rendered":"http:\/\/zjarr.tv\/?p=37223"},"modified":"2017-09-04T13:54:21","modified_gmt":"2017-09-04T11:54:21","slug":"gjendja-e-mjerueshme-ne-spitalin-nene-tereza","status":"publish","type":"post","link":"https:\/\/zjarr.tv\/sq\/gjendja-e-mjerueshme-ne-spitalin-nene-tereza\/","title":{"rendered":"Gjendja e mjerueshme n\u00eb spitalin N\u00ebn\u00eb Tereza"},"content":{"rendered":"<p>Ish-kryeminitri Sali Berisha, ka publikuar n\u00eb rrjetin e tij social Facebook, nj\u00eb video, t\u00eb cil\u00ebn i ka d\u00ebrguar nj\u00eb qytetar dixhital, ku shikohet gjendja e mjerueshme n\u00eb spitalin N\u00ebn\u00eb Tereza.<\/p>\n<p><em>\u201cPershendetje<\/em><br \/>\n<em>Z, Sali Berisha<\/em><br \/>\n<em>Ndodhem te Spitali Nene Teresa\u00a0<span class=\"text_exposed_show\"><br \/>\nTu bere nje Visit njej Njeriut Tim<br \/>\nPor Kur pash nje Pacient te Semure nje nje Krevat kam ngel Pa mend<br \/>\nE kishin Vuar si ne Sendilet e Ifave te Enverit se Krevat une smundem ta Quaj ket<br \/>\nPo te dergoj dhe Foton<br \/>\nMe Respekt\u201d,\u00a0<\/span><\/em><span class=\"text_exposed_show\">ka shkruar qytatari n\u00eb mesazhin e d\u00ebrguar kryeministrit.<\/span><strong><em>\u00a0<\/em><\/strong><\/p>\n<p><strong><em>Ndiqni videon:<\/em><\/strong><\/p>\n<p><iframe loading=\"lazy\" src=\"https:\/\/www.facebook.com\/plugins\/video.php?href=https%3A%2F%2Fwww.facebook.com%2FSaliBerisha%2Fvideos%2F862832917210950%2F&amp;show_text=1&amp;width=560\" width=\"560\" height=\"644\" frameborder=\"0\" scrolling=\"no\" allowfullscreen=\"allowfullscreen\" data-mce-fragment=\"1\"><\/iframe><\/p>\n","protected":false},"excerpt":{"rendered":"<p>Ish-kryeminitri Sali Berisha, ka publikuar n\u00eb rrjetin e tij social Facebook, nj\u00eb video, t\u00eb cil\u00ebn i ka d\u00ebrguar nj\u00eb qytetar dixhital, ku shikohet gjendja e mjerueshme n\u00eb spitalin N\u00ebn\u00eb Tereza. \u201cPershendetje Z, Sali Berisha Ndodhem te Spitali Nene Teresa\u00a0 Tu bere nje Visit njej Njeriut Tim Por Kur pash nje Pacient te Semure nje nje [&hellip;]<\/p>\n","protected":false},"author":2044,"featured_media":0,"comment_status":"closed","ping_status":"closed","sticky":false,"template":"","format":"standard","meta":{"footnotes":""},"categories":[198,241,231,235],"tags":[],"class_list":{"0":"post-37223","1":"post","2":"type-post","3":"status-publish","4":"format-standard","6":"category-360-grade","7":"category-aktualitet","8":"category-lajme","9":"category-vendi"},"_links":{"self":[{"href":"https:\/\/zjarr.tv\/sq\/wp-json\/wp\/v2\/posts\/37223","targetHints":{"allow":["GET"]}}],"collection":[{"href":"https:\/\/zjarr.tv\/sq\/wp-json\/wp\/v2\/posts"}],"about":[{"href":"https:\/\/zjarr.tv\/sq\/wp-json\/wp\/v2\/types\/post"}],"author":[{"embeddable":true,"href":"https:\/\/zjarr.tv\/sq\/wp-json\/wp\/v2\/users\/2044"}],"replies":[{"embeddable":true,"href":"https:\/\/zjarr.tv\/sq\/wp-json\/wp\/v2\/comments?post=37223"}],"version-history":[{"count":0,"href":"https:\/\/zjarr.tv\/sq\/wp-json\/wp\/v2\/posts\/37223\/revisions"}],"wp:attachment":[{"href":"https:\/\/zjarr.tv\/sq\/wp-json\/wp\/v2\/media?parent=37223"}],"wp:term":[{"taxonomy":"category","embeddable":true,"href":"https:\/\/zjarr.tv\/sq\/wp-json\/wp\/v2\/categories?post=37223"},{"taxonomy":"post_tag","embeddable":true,"href":"https:\/\/zjarr.tv\/sq\/wp-json\/wp\/v2\/tags?post=37223"}],"curies":[{"name":"wp","href":"https:\/\/api.w.org\/{rel}","templated":true}]}}