{"id":37242,"date":"2017-09-04T18:23:26","date_gmt":"2017-09-04T16:23:26","guid":{"rendered":"http:\/\/zjarr.tv\/?p=37242"},"modified":"2017-09-04T18:23:26","modified_gmt":"2017-09-04T16:23:26","slug":"del-skema-e-financimit-te-akademise-se-shkencave-vetem-ne-2016-en-ka-marre-96-milione-leke","status":"publish","type":"post","link":"https:\/\/zjarr.tv\/sq\/del-skema-e-financimit-te-akademise-se-shkencave-vetem-ne-2016-en-ka-marre-96-milione-leke\/","title":{"rendered":"Del skema e financimit t\u00eb Akademis\u00eb s\u00eb Shkencave. Vet\u00ebm n\u00eb 2016-\u00ebn ka marr\u00eb 96 milion\u00eb lek\u00eb"},"content":{"rendered":"<p>Kryeministri Edi Rama b\u00ebri me dije drejtuesve t\u00eb sapozgjedhur n\u00eb Akademin\u00eb e Shkencave, se duhet t\u2019i gjejn\u00eb vet\u00eb parat\u00eb p\u00ebr pagat, projektet, sponsorizimet, e \u00e7do shpenzim tjet\u00ebr.<\/p>\n<p>Por si \u00ebsht\u00eb financuar deri m\u00eb sot kjo Akademi?<\/p>\n<p>Report Tv, shkruan se bilanci financiar i k\u00ebsaj akademie \u00ebsht\u00eb goxha i majm\u00eb.<\/p>\n<p>N\u00eb vitin 2016, ky institucion buxhetor ka marr\u00eb nga buxheti i shtetit 96 milion\u00eb lek\u00eb t\u00eb reja p\u00ebr paga dhe shpenzime.<\/p>\n<p>Nga k\u00ebto para 94 milion\u00eb lek\u00eb t\u00eb reja jan\u00eb shpenzuar p\u00ebr pagat dhe shpenzimet korrekte de vet\u00ebm 2 milion\u00eb lek\u00eb t\u00eb reja jan\u00eb p\u00ebrdorur p\u00ebr investime.<\/p>\n<p>Akademia e Shkencave sipas Report Tv, nuk ka marr\u00eb asnj\u00eb para nga sponsorizime apo dhurata.<\/p>\n<p>I vetmi mekaniz\u00ebm p\u00ebr t\u00eb qendruar n\u00eb k\u00ebmb\u00eb kan\u00eb qen\u00eb parat\u00eb e buxhetit t\u00eb shtetit.<\/p>\n<p>Pritet t\u00eb shikohet n\u00ebse do ket\u00eb v\u00ebrtet\u00eb nd\u00ebrprerje financare dhe do shikohet \u00e7far\u00eb do ndodh me k\u00ebt\u00eb Akademi.<strong><em>\/Hashtag.al<\/em><\/strong><\/p>\n<p><img loading=\"lazy\" decoding=\"async\" class=\"aligncenter size-full wp-image-152846\" src=\"http:\/\/www.hashtag.al\/wp-content\/uploads\/2017\/09\/300624.jpg\" sizes=\"auto, (max-width: 620px) 100vw, 620px\" srcset=\"http:\/\/www.hashtag.al\/wp-content\/uploads\/2017\/09\/300624.jpg 620w, http:\/\/www.hashtag.al\/wp-content\/uploads\/2017\/09\/300624-300x252.jpg 300w\" alt=\"300624\" width=\"620\" height=\"521\" \/><\/p>\n","protected":false},"excerpt":{"rendered":"<p>Kryeministri Edi Rama b\u00ebri me dije drejtuesve t\u00eb sapozgjedhur n\u00eb Akademin\u00eb e Shkencave, se duhet t\u2019i gjejn\u00eb vet\u00eb parat\u00eb p\u00ebr pagat, projektet, sponsorizimet, e \u00e7do shpenzim tjet\u00ebr. Por si \u00ebsht\u00eb financuar deri m\u00eb sot kjo Akademi? Report Tv, shkruan se bilanci financiar i k\u00ebsaj akademie \u00ebsht\u00eb goxha i majm\u00eb. N\u00eb vitin 2016, ky institucion buxhetor [&hellip;]<\/p>\n","protected":false},"author":2044,"featured_media":0,"comment_status":"closed","ping_status":"closed","sticky":false,"template":"","format":"standard","meta":{"footnotes":""},"categories":[198,241,231,235],"tags":[],"class_list":{"0":"post-37242","1":"post","2":"type-post","3":"status-publish","4":"format-standard","6":"category-360-grade","7":"category-aktualitet","8":"category-lajme","9":"category-vendi"},"_links":{"self":[{"href":"https:\/\/zjarr.tv\/sq\/wp-json\/wp\/v2\/posts\/37242","targetHints":{"allow":["GET"]}}],"collection":[{"href":"https:\/\/zjarr.tv\/sq\/wp-json\/wp\/v2\/posts"}],"about":[{"href":"https:\/\/zjarr.tv\/sq\/wp-json\/wp\/v2\/types\/post"}],"author":[{"embeddable":true,"href":"https:\/\/zjarr.tv\/sq\/wp-json\/wp\/v2\/users\/2044"}],"replies":[{"embeddable":true,"href":"https:\/\/zjarr.tv\/sq\/wp-json\/wp\/v2\/comments?post=37242"}],"version-history":[{"count":0,"href":"https:\/\/zjarr.tv\/sq\/wp-json\/wp\/v2\/posts\/37242\/revisions"}],"wp:attachment":[{"href":"https:\/\/zjarr.tv\/sq\/wp-json\/wp\/v2\/media?parent=37242"}],"wp:term":[{"taxonomy":"category","embeddable":true,"href":"https:\/\/zjarr.tv\/sq\/wp-json\/wp\/v2\/categories?post=37242"},{"taxonomy":"post_tag","embeddable":true,"href":"https:\/\/zjarr.tv\/sq\/wp-json\/wp\/v2\/tags?post=37242"}],"curies":[{"name":"wp","href":"https:\/\/api.w.org\/{rel}","templated":true}]}}