{"id":37255,"date":"2017-09-04T18:30:21","date_gmt":"2017-09-04T16:30:21","guid":{"rendered":"http:\/\/zjarr.tv\/?p=37255"},"modified":"2017-09-04T18:30:21","modified_gmt":"2017-09-04T16:30:21","slug":"si-kerkon-tia-hedhe-serish-drejtesise-vrasesi-i-gjyqtares-fildes-hafizi","status":"publish","type":"post","link":"https:\/\/zjarr.tv\/sq\/si-kerkon-tia-hedhe-serish-drejtesise-vrasesi-i-gjyqtares-fildes-hafizi\/","title":{"rendered":"Si k\u00ebrkon t\u2019ia hedh\u00eb s\u00ebrish drejt\u00ebsis\u00eb vras\u00ebsi i gjyqtares Fildes Hafizi"},"content":{"rendered":"<p>Pas hekurave ku q\u00ebndron prej kat\u00ebr dit\u00ebsh, Fadil Kasemi autori i vrasjes s\u00eb ish-gruas s\u00eb tij, ngjarje kjo e ndodhur n\u00eb zon\u00ebn e \u201cXhamllikut\u201d n\u00eb kryeqytet, k\u00ebrkon t\u2019ia hedh\u00eb drejt\u00ebsis\u00eb p\u00ebr her\u00eb t\u00eb dyt\u00eb.<\/p>\n<p>Dy vite m\u00eb par\u00eb kjo manov\u00ebr rezultoi e suksesshme, por nuk mund t\u00eb themi t\u00eb nj\u00ebjt\u00ebn gj\u00eb k\u00ebt\u00eb her\u00eb. Ai rrezikon burgimin e p\u00ebrjesht\u00ebm me akuzat e ngritura nga prokuroria, si; vrasje p\u00ebr shkak t\u00eb marr\u00ebdh\u00ebnieve familjare, rr\u00ebmbim personi dhe arm\u00ebmbajtje pa leje.\u00a0 53-vje\u00e7ari s\u00eb bashku me avokatin e tij i kan\u00eb th\u00ebn\u00eb hetuesve se, krimi ka ndodhur n\u00eb kushtet e tronditjes s\u00eb thell\u00eb psikike.<\/p>\n<p>Ky element, sipas avokatit k\u00ebrkohet t\u00eb shqyrtohet n\u00eb t\u00eb ardhem nga trupa gjyq\u00ebsore me relator Fran Prendin. N\u00ebse gjykata do ta pranoj\u00eb k\u00ebrkes\u00ebn e t\u00eb pandehurit p\u00ebr nj\u00eb ekspertiz\u00eb psikike, at\u00ebher\u00eb ka gjasa q\u00eb vras\u00ebsi i gjyqtares s\u00eb Shkodr\u00ebs mund t\u00eb t\u2019i shp\u00ebtoj\u00eb burgimit p\u00ebrjet\u00eb.<\/p>\n<p>Por, me ndryshimet e reja t\u00eb kodit t\u00eb procedur\u00ebs penale t\u00eb hyra n\u00eb fuqi m\u00eb 1 gusht t\u00eb k\u00ebtij viti, i pandehuri nuk p\u00ebrfiton gjykimin e shkurtuar.<\/p>\n<p>Me t\u00eb nj\u00ebjt\u00ebn kart\u00eb, Kas\u00ebmi ka luajtur edhe n\u00eb ngjarjen e ndodhur n\u00eb korrik t\u00eb 2015-\u00ebs. Ai tentoi t\u00eb q\u00ebllonte me arm\u00eb ish-bashk\u00ebshorten e tij Fildiz Hafizi, por mbeti n\u00eb tentative, pasi ishin f\u00ebmij\u00ebt e \u00e7iftit ata q\u00eb nd\u00ebrhyn\u00eb p\u00ebr qet\u00ebsimin e situat\u00ebs. Deri n\u00eb k\u00ebt\u00eb faz\u00eb t\u00eb hetimit, organi i akuz\u00ebs thekson se, n\u00eb t\u00eb dy rastet i burgosuri ka pasur si motiv p\u00ebr vrasjen e Hafizit, xhelozin\u00eb.<\/p>\n<p>Konfliktet n\u00eb familje lidhen m\u00eb k\u00ebrkes\u00ebn e divorcit q\u00eb e ndjera kishte k\u00ebrkuar ndaj Kasemit. Ky i fundit kishte shitur nj\u00eb apartament rreth 4 vite m\u00eb par\u00eb dhe parat\u00eb sipas prokuroris\u00eb i kishte luajtur n\u00eb kumar. N\u00ebna e dy f\u00ebmij\u00ebve ishte detyruar t\u00eb merrte nj\u00eb banes\u00eb me qira af\u00ebr zon\u00ebs s\u00eb \u201cXhamllikut\u201d, ku kishte jetuar edhe m\u00eb her\u00ebt.<\/p>\n<p>Marr\u00eb nga<a href=\"http:\/\/www.abcnews.al\/lajme\/aktualitet\/2\/88994\">\u00a0Abc News<\/a><\/p>\n","protected":false},"excerpt":{"rendered":"<p>Pas hekurave ku q\u00ebndron prej kat\u00ebr dit\u00ebsh, Fadil Kasemi autori i vrasjes s\u00eb ish-gruas s\u00eb tij, ngjarje kjo e ndodhur n\u00eb zon\u00ebn e \u201cXhamllikut\u201d n\u00eb kryeqytet, k\u00ebrkon t\u2019ia hedh\u00eb drejt\u00ebsis\u00eb p\u00ebr her\u00eb t\u00eb dyt\u00eb. Dy vite m\u00eb par\u00eb kjo manov\u00ebr rezultoi e suksesshme, por nuk mund t\u00eb themi t\u00eb nj\u00ebjt\u00ebn gj\u00eb k\u00ebt\u00eb her\u00eb. Ai rrezikon [&hellip;]<\/p>\n","protected":false},"author":2044,"featured_media":0,"comment_status":"closed","ping_status":"closed","sticky":false,"template":"","format":"standard","meta":{"footnotes":""},"categories":[198,241,231,235],"tags":[],"class_list":{"0":"post-37255","1":"post","2":"type-post","3":"status-publish","4":"format-standard","6":"category-360-grade","7":"category-aktualitet","8":"category-lajme","9":"category-vendi"},"_links":{"self":[{"href":"https:\/\/zjarr.tv\/sq\/wp-json\/wp\/v2\/posts\/37255","targetHints":{"allow":["GET"]}}],"collection":[{"href":"https:\/\/zjarr.tv\/sq\/wp-json\/wp\/v2\/posts"}],"about":[{"href":"https:\/\/zjarr.tv\/sq\/wp-json\/wp\/v2\/types\/post"}],"author":[{"embeddable":true,"href":"https:\/\/zjarr.tv\/sq\/wp-json\/wp\/v2\/users\/2044"}],"replies":[{"embeddable":true,"href":"https:\/\/zjarr.tv\/sq\/wp-json\/wp\/v2\/comments?post=37255"}],"version-history":[{"count":0,"href":"https:\/\/zjarr.tv\/sq\/wp-json\/wp\/v2\/posts\/37255\/revisions"}],"wp:attachment":[{"href":"https:\/\/zjarr.tv\/sq\/wp-json\/wp\/v2\/media?parent=37255"}],"wp:term":[{"taxonomy":"category","embeddable":true,"href":"https:\/\/zjarr.tv\/sq\/wp-json\/wp\/v2\/categories?post=37255"},{"taxonomy":"post_tag","embeddable":true,"href":"https:\/\/zjarr.tv\/sq\/wp-json\/wp\/v2\/tags?post=37255"}],"curies":[{"name":"wp","href":"https:\/\/api.w.org\/{rel}","templated":true}]}}