{"id":38144,"date":"2017-12-20T11:16:38","date_gmt":"2017-12-20T09:16:38","guid":{"rendered":"http:\/\/zjarr.tv\/?p=38144"},"modified":"2017-12-20T11:17:27","modified_gmt":"2017-12-20T09:17:27","slug":"rama-premtoi-shkolla-dixhitale-ne-belsh-femijet-ngrohen-ne-diell","status":"publish","type":"post","link":"https:\/\/zjarr.tv\/sq\/rama-premtoi-shkolla-dixhitale-ne-belsh-femijet-ngrohen-ne-diell\/","title":{"rendered":"Rama premtoi shkolla dixhitale, n\u00eb Belsh f\u00ebmij\u00ebt ngrohen n\u00eb diell"},"content":{"rendered":"<p>Emisioni investigativ \u201cBoom\u201d, ka qen\u00eb me kamera n\u00eb shkoll\u00ebn 9-vje\u00e7are Dragot t\u00eb komun\u00ebs Belsh. T\u00eb pakt\u00ebn 170 f\u00ebmij\u00eb t\u00eb k\u00ebsaj shkolle, por edhe m\u00eb t\u00eb vegj\u00ebl, n\u00eb kopsht, m\u00ebsojn\u00eb dhe q\u00ebndrojn\u00eb n\u00eb kushte t\u00eb mjerueshme, t\u00eb krahasueshme vet\u00ebm me vende p\u00ebrtej bot\u00ebs s\u00eb tret\u00eb.<\/p>\n<p>Tashm\u00eb q\u00eb ka filluar edhe i ftohti, gjith\u00e7ka b\u00ebhet edhe m\u00eb e dhimbshme p\u00ebr k\u00ebta f\u00ebmij\u00eb. Klasa ku era fryn nga t\u00eb kat\u00ebr an\u00ebt, sepse nuk kan\u00eb xhama. Ngrohja mungon. E mbi t\u00eb gjitha mungojn\u00eb edhe tualetet brenda shkoll\u00ebs dhe f\u00ebmij\u00ebt detyrohen t\u00eb dalin jasht\u00eb p\u00ebr nevojat e tyre personale.<\/p>\n<p>Nuk mbarojn\u00eb k\u00ebtu mundimet e tyre. Teksa kryeministri Edi Rama, premtonte dikur shkolla dixhitale ku do m\u00ebsohej me tablet, k\u00ebta f\u00ebmij\u00eb nuk kan\u00eb as banka t\u00eb mas\u00ebs s\u00eb tyre, e madje n\u00eb ato q\u00eb kan\u00eb, u mungon mb\u00ebshtet\u00ebsja.<\/p>\n<p>Sipas studimeve, jan\u00eb t\u00eb predispozuar p\u00ebr probleme t\u00eb shtyll\u00ebs kurrizore, n\u00ebse shp\u00ebtojn\u00eb nga bronkopneumonit\u00eb dhe artitret. N\u00ebse f\u00ebmij\u00ebt mund t\u00eb k\u00ebnaqen edhe n\u00ebse dalin pak n\u00eb diell p\u00ebr t\u2019u ngrohur, m\u00ebsuesit nuk e b\u00ebjn\u00eb dot.<\/p>\n<p>T\u00eb nj\u00ebjtat kushte vuajn\u00eb edhe ata. E p\u00ebrpos t\u00eb tjerave, u duhet t\u00eb b\u00ebjn\u00eb heroizma p\u00ebr t\u00eb mbrojtur baz\u00ebn materiale q\u00eb duket se e kan\u00eb 30 vje\u00e7are.<\/p>\n<p>Kryetari i bashkis\u00eb s\u00eb Belshit, Arif Tafani, duket se \u00ebsht\u00eb dor\u00ebzuar para k\u00ebsaj situate, pasi nuk ka fonde.<\/p>\n<p>K\u00ebt\u00eb e v\u00ebrteton edhe drejtori i Zyr\u00ebs Arsimore, Mehmet Dervishi, q\u00eb e konfirmon duke shtuar se i kan\u00eb k\u00ebrkuar fonde Ministris\u00eb s\u00eb Arsimit.<\/p>\n<p>Deri n\u00eb mb\u00ebrritjen e p\u00ebrgjigjes, dhe m\u00eb pas t\u00eb fondeve, nuk dihet se sa dimra do kalojn\u00eb.<a href=\"http:\/\/zjarr.tv\/rama-premtoi-shkolla-dixhitale-ne-belsh-femijet-ngrohen-ne-diell\/1-10-2\/\" rel=\"attachment wp-att-38145\"><img loading=\"lazy\" decoding=\"async\" class=\"alignnone size-full wp-image-38145\" src=\"http:\/\/zjarr.tv\/wp-content\/uploads\/2017\/12\/1-10.jpg\" alt=\"\" width=\"1280\" height=\"960\" \/><\/a> <a href=\"http:\/\/zjarr.tv\/rama-premtoi-shkolla-dixhitale-ne-belsh-femijet-ngrohen-ne-diell\/2-8-2\/\" rel=\"attachment wp-att-38146\"><img loading=\"lazy\" decoding=\"async\" class=\"alignnone size-full wp-image-38146\" src=\"http:\/\/zjarr.tv\/wp-content\/uploads\/2017\/12\/2-8.jpg\" alt=\"\" width=\"1280\" height=\"960\" \/><\/a> <a href=\"http:\/\/zjarr.tv\/rama-premtoi-shkolla-dixhitale-ne-belsh-femijet-ngrohen-ne-diell\/3-6-2\/\" rel=\"attachment wp-att-38147\"><img loading=\"lazy\" decoding=\"async\" class=\"alignnone size-full wp-image-38147\" src=\"http:\/\/zjarr.tv\/wp-content\/uploads\/2017\/12\/3-6.jpg\" alt=\"\" width=\"1280\" height=\"960\" \/><\/a><a href=\"http:\/\/zjarr.tv\/rama-premtoi-shkolla-dixhitale-ne-belsh-femijet-ngrohen-ne-diell\/7-3\/\" rel=\"attachment wp-att-38148\"><img loading=\"lazy\" decoding=\"async\" class=\"alignnone size-full wp-image-38148\" src=\"http:\/\/zjarr.tv\/wp-content\/uploads\/2017\/12\/7-3.jpg\" alt=\"\" width=\"1280\" height=\"960\" \/><\/a> <a href=\"http:\/\/zjarr.tv\/rama-premtoi-shkolla-dixhitale-ne-belsh-femijet-ngrohen-ne-diell\/8-3\/\" rel=\"attachment wp-att-38149\"><img loading=\"lazy\" decoding=\"async\" class=\"alignnone size-full wp-image-38149\" src=\"http:\/\/zjarr.tv\/wp-content\/uploads\/2017\/12\/8.jpg\" alt=\"\" width=\"1280\" height=\"960\" \/><\/a><\/p>\n","protected":false},"excerpt":{"rendered":"<p>Emisioni investigativ \u201cBoom\u201d, ka qen\u00eb me kamera n\u00eb shkoll\u00ebn 9-vje\u00e7are Dragot t\u00eb komun\u00ebs Belsh. T\u00eb pakt\u00ebn 170 f\u00ebmij\u00eb t\u00eb k\u00ebsaj shkolle, por edhe m\u00eb t\u00eb vegj\u00ebl, n\u00eb kopsht, m\u00ebsojn\u00eb dhe q\u00ebndrojn\u00eb n\u00eb kushte t\u00eb mjerueshme, t\u00eb krahasueshme vet\u00ebm me vende p\u00ebrtej bot\u00ebs s\u00eb tret\u00eb. Tashm\u00eb q\u00eb ka filluar edhe i ftohti, gjith\u00e7ka b\u00ebhet edhe m\u00eb [&hellip;]<\/p>\n","protected":false},"author":2044,"featured_media":0,"comment_status":"closed","ping_status":"closed","sticky":false,"template":"","format":"standard","meta":{"footnotes":""},"categories":[198,241,231,235],"tags":[],"class_list":{"0":"post-38144","1":"post","2":"type-post","3":"status-publish","4":"format-standard","6":"category-360-grade","7":"category-aktualitet","8":"category-lajme","9":"category-vendi"},"_links":{"self":[{"href":"https:\/\/zjarr.tv\/sq\/wp-json\/wp\/v2\/posts\/38144","targetHints":{"allow":["GET"]}}],"collection":[{"href":"https:\/\/zjarr.tv\/sq\/wp-json\/wp\/v2\/posts"}],"about":[{"href":"https:\/\/zjarr.tv\/sq\/wp-json\/wp\/v2\/types\/post"}],"author":[{"embeddable":true,"href":"https:\/\/zjarr.tv\/sq\/wp-json\/wp\/v2\/users\/2044"}],"replies":[{"embeddable":true,"href":"https:\/\/zjarr.tv\/sq\/wp-json\/wp\/v2\/comments?post=38144"}],"version-history":[{"count":0,"href":"https:\/\/zjarr.tv\/sq\/wp-json\/wp\/v2\/posts\/38144\/revisions"}],"wp:attachment":[{"href":"https:\/\/zjarr.tv\/sq\/wp-json\/wp\/v2\/media?parent=38144"}],"wp:term":[{"taxonomy":"category","embeddable":true,"href":"https:\/\/zjarr.tv\/sq\/wp-json\/wp\/v2\/categories?post=38144"},{"taxonomy":"post_tag","embeddable":true,"href":"https:\/\/zjarr.tv\/sq\/wp-json\/wp\/v2\/tags?post=38144"}],"curies":[{"name":"wp","href":"https:\/\/api.w.org\/{rel}","templated":true}]}}