{"id":38153,"date":"2017-12-20T11:28:41","date_gmt":"2017-12-20T09:28:41","guid":{"rendered":"http:\/\/zjarr.tv\/?p=38153"},"modified":"2017-12-20T11:54:27","modified_gmt":"2017-12-20T09:54:27","slug":"vdes-24-vjecari-ne-tirane-zbulohet-shkaku-pasi-dergohet-ne-qsut","status":"publish","type":"post","link":"https:\/\/zjarr.tv\/sq\/vdes-24-vjecari-ne-tirane-zbulohet-shkaku-pasi-dergohet-ne-qsut\/","title":{"rendered":"VDES 24-VJE\u00c7ARI N\u00cb TIRAN\u00cb, ZBULOHET SHKAKU PASI D\u00cbRGOHET N\u00cb QSUT"},"content":{"rendered":"<div class=\"article-introtext\">\n<p>I ka dh\u00ebn\u00eb fund jet\u00ebs tragjikisht nj\u00eb djal\u00eb n\u00eb Tiran\u00eb.<\/p>\n<\/div>\n<div class=\"article-fulltext\">\n<p>Sipas t\u00eb dh\u00ebnave t\u00eb policis\u00eb, 24-vje\u00e7ari me inicialet K.L i ka dh\u00ebn\u00eb fund jet\u00ebs duke pir\u00eb fostoksin\u00eb, i njohur si helm p\u00ebr minjt\u00eb.<\/p>\n<p>I riu \u00ebsht\u00eb d\u00ebrguar me urgjenc\u00eb n\u00eb urgjenc\u00ebn e spitalit \u201cN\u00ebn\u00eb Tereza\u201d n\u00eb Tiran\u00eb, por fatkeq\u00ebsisht nuk ka mundur t\u00eb mbijetoj\u00eb, pavar\u00ebsisht nd\u00ebrhyrjes s\u00eb mjek\u00ebve.<\/p>\n<p>Materialet iu referuar rrethit gjyqsor n\u00eb Tiran\u00eb, nd\u00ebrsa policia ka nisur hetimet p\u00ebr t\u00eb zbuluar shkakun q\u00eb e detyroi 24-vje\u00e7arin t\u00eb vet\u00ebvritet<\/p>\n<\/div>\n","protected":false},"excerpt":{"rendered":"<p>I ka dh\u00ebn\u00eb fund jet\u00ebs tragjikisht nj\u00eb djal\u00eb n\u00eb Tiran\u00eb. Sipas t\u00eb dh\u00ebnave t\u00eb policis\u00eb, 24-vje\u00e7ari me inicialet K.L i ka dh\u00ebn\u00eb fund jet\u00ebs duke pir\u00eb fostoksin\u00eb, i njohur si helm p\u00ebr minjt\u00eb. I riu \u00ebsht\u00eb d\u00ebrguar me urgjenc\u00eb n\u00eb urgjenc\u00ebn e spitalit \u201cN\u00ebn\u00eb Tereza\u201d n\u00eb Tiran\u00eb, por fatkeq\u00ebsisht nuk ka mundur t\u00eb mbijetoj\u00eb, pavar\u00ebsisht [&hellip;]<\/p>\n","protected":false},"author":2044,"featured_media":38159,"comment_status":"closed","ping_status":"closed","sticky":false,"template":"","format":"standard","meta":{"footnotes":""},"categories":[198,241,231,235],"tags":[],"class_list":{"0":"post-38153","1":"post","2":"type-post","3":"status-publish","4":"format-standard","5":"has-post-thumbnail","7":"category-360-grade","8":"category-aktualitet","9":"category-lajme","10":"category-vendi"},"_links":{"self":[{"href":"https:\/\/zjarr.tv\/sq\/wp-json\/wp\/v2\/posts\/38153","targetHints":{"allow":["GET"]}}],"collection":[{"href":"https:\/\/zjarr.tv\/sq\/wp-json\/wp\/v2\/posts"}],"about":[{"href":"https:\/\/zjarr.tv\/sq\/wp-json\/wp\/v2\/types\/post"}],"author":[{"embeddable":true,"href":"https:\/\/zjarr.tv\/sq\/wp-json\/wp\/v2\/users\/2044"}],"replies":[{"embeddable":true,"href":"https:\/\/zjarr.tv\/sq\/wp-json\/wp\/v2\/comments?post=38153"}],"version-history":[{"count":0,"href":"https:\/\/zjarr.tv\/sq\/wp-json\/wp\/v2\/posts\/38153\/revisions"}],"wp:featuredmedia":[{"embeddable":true,"href":"https:\/\/zjarr.tv\/sq\/wp-json\/wp\/v2\/media\/38159"}],"wp:attachment":[{"href":"https:\/\/zjarr.tv\/sq\/wp-json\/wp\/v2\/media?parent=38153"}],"wp:term":[{"taxonomy":"category","embeddable":true,"href":"https:\/\/zjarr.tv\/sq\/wp-json\/wp\/v2\/categories?post=38153"},{"taxonomy":"post_tag","embeddable":true,"href":"https:\/\/zjarr.tv\/sq\/wp-json\/wp\/v2\/tags?post=38153"}],"curies":[{"name":"wp","href":"https:\/\/api.w.org\/{rel}","templated":true}]}}