{"id":38156,"date":"2017-12-20T11:42:47","date_gmt":"2017-12-20T09:42:47","guid":{"rendered":"http:\/\/zjarr.tv\/?p=38156"},"modified":"2017-12-20T11:42:47","modified_gmt":"2017-12-20T09:42:47","slug":"nis-seanca-degjimore-per-anetarin-e-fundit-te-klp-kush-jane-3-kandidatet-e-shoqerise-civile","status":"publish","type":"post","link":"https:\/\/zjarr.tv\/sq\/nis-seanca-degjimore-per-anetarin-e-fundit-te-klp-kush-jane-3-kandidatet-e-shoqerise-civile\/","title":{"rendered":"NIS SEANCA D\u00cbGJIMORE P\u00cbR AN\u00cbTARIN E FUNDIT T\u00cb KLP, KUSH JAN\u00cb 3 KANDIDAT\u00cbT E SHOQ\u00cbRIS\u00cb CIVILE"},"content":{"rendered":"<div class=\"article-introtext\">\n<p>Nis seanca d\u00ebgjimore e 3 kandidat\u00ebve p\u00ebr an\u00ebtar\u00eb t\u00eb K\u00ebshillit t\u00eb Lart\u00eb i Prokuroris\u00eb nga shoq\u00ebria civile.<\/p>\n<\/div>\n<div class=\"article-fulltext\">\n<p>Zgjedhja e an\u00ebtarit t\u00eb KLP-s\u00eb pritet t\u2019i jap\u00eb fund ng\u00ebr\u00e7it t\u00eb krijuar mes mazhoranc\u00ebs dhe opozit\u00ebs, lidhur me kryeprokurorin e ri sipas Kushtetut\u00ebs, pas mbarimit t\u00eb mandatit t\u00eb Adriatik Llall\u00ebs.<\/p>\n<p>3 kandidaturat q\u00eb kan\u00eb aplikuar p\u00ebr t\u00eb qen\u00eb pjes\u00eb e KLP jan\u00eb paraqitur me nj\u00eb shkres\u00eb zyrtare pran\u00eb Kuvendit nga Avokati i Popullit.<\/p>\n<p>Seanca d\u00ebgjimore ka nisur p\u00ebr tre kandidat\u00ebt, t\u00eb cil\u00ebt jan\u00eb Alfred Balla, Andi Murataj, Entela Hoxha.<\/p>\n<p>KLP duhej t\u00eb ishte ngritur q\u00eb n\u00eb muajin prill, por p\u00ebr shkak se shoq\u00ebria civile nuk kishte paraqitur asnj\u00eb kandidat, ky organ mbeti pezull, e si pasoj\u00eb nuk mund t\u00eb zgjidhej 8 muaj m\u00eb par\u00eb pasardh\u00ebsi i Adriatik Llall\u00ebs.<\/p>\n<\/div>\n","protected":false},"excerpt":{"rendered":"<p>Nis seanca d\u00ebgjimore e 3 kandidat\u00ebve p\u00ebr an\u00ebtar\u00eb t\u00eb K\u00ebshillit t\u00eb Lart\u00eb i Prokuroris\u00eb nga shoq\u00ebria civile. Zgjedhja e an\u00ebtarit t\u00eb KLP-s\u00eb pritet t\u2019i jap\u00eb fund ng\u00ebr\u00e7it t\u00eb krijuar mes mazhoranc\u00ebs dhe opozit\u00ebs, lidhur me kryeprokurorin e ri sipas Kushtetut\u00ebs, pas mbarimit t\u00eb mandatit t\u00eb Adriatik Llall\u00ebs. 3 kandidaturat q\u00eb kan\u00eb aplikuar p\u00ebr t\u00eb qen\u00eb [&hellip;]<\/p>\n","protected":false},"author":2044,"featured_media":0,"comment_status":"closed","ping_status":"closed","sticky":false,"template":"","format":"standard","meta":{"footnotes":""},"categories":[198,241,231,235],"tags":[],"class_list":{"0":"post-38156","1":"post","2":"type-post","3":"status-publish","4":"format-standard","6":"category-360-grade","7":"category-aktualitet","8":"category-lajme","9":"category-vendi"},"_links":{"self":[{"href":"https:\/\/zjarr.tv\/sq\/wp-json\/wp\/v2\/posts\/38156","targetHints":{"allow":["GET"]}}],"collection":[{"href":"https:\/\/zjarr.tv\/sq\/wp-json\/wp\/v2\/posts"}],"about":[{"href":"https:\/\/zjarr.tv\/sq\/wp-json\/wp\/v2\/types\/post"}],"author":[{"embeddable":true,"href":"https:\/\/zjarr.tv\/sq\/wp-json\/wp\/v2\/users\/2044"}],"replies":[{"embeddable":true,"href":"https:\/\/zjarr.tv\/sq\/wp-json\/wp\/v2\/comments?post=38156"}],"version-history":[{"count":0,"href":"https:\/\/zjarr.tv\/sq\/wp-json\/wp\/v2\/posts\/38156\/revisions"}],"wp:attachment":[{"href":"https:\/\/zjarr.tv\/sq\/wp-json\/wp\/v2\/media?parent=38156"}],"wp:term":[{"taxonomy":"category","embeddable":true,"href":"https:\/\/zjarr.tv\/sq\/wp-json\/wp\/v2\/categories?post=38156"},{"taxonomy":"post_tag","embeddable":true,"href":"https:\/\/zjarr.tv\/sq\/wp-json\/wp\/v2\/tags?post=38156"}],"curies":[{"name":"wp","href":"https:\/\/api.w.org\/{rel}","templated":true}]}}