{"id":38163,"date":"2017-12-20T12:04:39","date_gmt":"2017-12-20T10:04:39","guid":{"rendered":"http:\/\/zjarr.tv\/?p=38163"},"modified":"2017-12-20T12:04:39","modified_gmt":"2017-12-20T10:04:39","slug":"nafetaret-e-ballshit-serish-ne-proteste-per-pagat","status":"publish","type":"post","link":"https:\/\/zjarr.tv\/sq\/nafetaret-e-ballshit-serish-ne-proteste-per-pagat\/","title":{"rendered":"Naf\u00ebtar\u00ebt e Ballshit s\u00ebrish n\u00eb protest\u00eb p\u00ebr pagat"},"content":{"rendered":"<p>Punonj\u00ebsit e naft\u00ebs n\u00eb Ballsh kan\u00eb dal\u00eb s\u00ebrish sot n\u00eb protest\u00eb, por k\u00ebt\u00eb her\u00eb p\u00ebrpara prefektur\u00ebs.<\/p>\n<p>Ata k\u00ebrkojn\u00eb marrjen e pag\u00ebs s\u00eb prapambetur prej nj\u00eb muaj dhe 12 paga t\u00eb tjer\u00eb t\u00eb prapambetura \u00a0nga komoania q\u00eb ka menaxhar m\u00eb par\u00eb k\u00ebt\u00eb sektor.<\/p>\n<p>Gjithashtu naft\u00ebtar\u00ebt e Ballshit k\u00ebrkojn\u00eb sigurimet e 12 muajve dhe mbajtjen e fjal\u00ebs nga kryeministri \u00a0Rama si dhe kerkojne zbatimin e statusit te naftetarit.<\/p>\n","protected":false},"excerpt":{"rendered":"<p>Punonj\u00ebsit e naft\u00ebs n\u00eb Ballsh kan\u00eb dal\u00eb s\u00ebrish sot n\u00eb protest\u00eb, por k\u00ebt\u00eb her\u00eb p\u00ebrpara prefektur\u00ebs. Ata k\u00ebrkojn\u00eb marrjen e pag\u00ebs s\u00eb prapambetur prej nj\u00eb muaj dhe 12 paga t\u00eb tjer\u00eb t\u00eb prapambetura \u00a0nga komoania q\u00eb ka menaxhar m\u00eb par\u00eb k\u00ebt\u00eb sektor. Gjithashtu naft\u00ebtar\u00ebt e Ballshit k\u00ebrkojn\u00eb sigurimet e 12 muajve dhe mbajtjen e fjal\u00ebs [&hellip;]<\/p>\n","protected":false},"author":2044,"featured_media":0,"comment_status":"closed","ping_status":"closed","sticky":false,"template":"","format":"standard","meta":{"footnotes":""},"categories":[198,241,231,235],"tags":[],"class_list":{"0":"post-38163","1":"post","2":"type-post","3":"status-publish","4":"format-standard","6":"category-360-grade","7":"category-aktualitet","8":"category-lajme","9":"category-vendi"},"_links":{"self":[{"href":"https:\/\/zjarr.tv\/sq\/wp-json\/wp\/v2\/posts\/38163","targetHints":{"allow":["GET"]}}],"collection":[{"href":"https:\/\/zjarr.tv\/sq\/wp-json\/wp\/v2\/posts"}],"about":[{"href":"https:\/\/zjarr.tv\/sq\/wp-json\/wp\/v2\/types\/post"}],"author":[{"embeddable":true,"href":"https:\/\/zjarr.tv\/sq\/wp-json\/wp\/v2\/users\/2044"}],"replies":[{"embeddable":true,"href":"https:\/\/zjarr.tv\/sq\/wp-json\/wp\/v2\/comments?post=38163"}],"version-history":[{"count":0,"href":"https:\/\/zjarr.tv\/sq\/wp-json\/wp\/v2\/posts\/38163\/revisions"}],"wp:attachment":[{"href":"https:\/\/zjarr.tv\/sq\/wp-json\/wp\/v2\/media?parent=38163"}],"wp:term":[{"taxonomy":"category","embeddable":true,"href":"https:\/\/zjarr.tv\/sq\/wp-json\/wp\/v2\/categories?post=38163"},{"taxonomy":"post_tag","embeddable":true,"href":"https:\/\/zjarr.tv\/sq\/wp-json\/wp\/v2\/tags?post=38163"}],"curies":[{"name":"wp","href":"https:\/\/api.w.org\/{rel}","templated":true}]}}