{"id":38166,"date":"2017-12-20T12:08:47","date_gmt":"2017-12-20T10:08:47","guid":{"rendered":"http:\/\/zjarr.tv\/?p=38166"},"modified":"2017-12-20T12:08:47","modified_gmt":"2017-12-20T10:08:47","slug":"bashkia-e-tiranes-rehabiliton-linjat-e-furnizimit-me-uje-te-pijshem-ne-tre-zona-te-kryeqytetit","status":"publish","type":"post","link":"https:\/\/zjarr.tv\/sq\/bashkia-e-tiranes-rehabiliton-linjat-e-furnizimit-me-uje-te-pijshem-ne-tre-zona-te-kryeqytetit\/","title":{"rendered":"Bashkia e Tiran\u00ebs rehabiliton linjat e furnizimit me uj\u00eb t\u00eb pijsh\u00ebm n\u00eb tre zona t\u00eb kryeqytetit"},"content":{"rendered":"<p><span lang=\"SQ\">Sinjalizimet \u00a0e qytetar\u00ebve n\u00eb numrin falas t\u00eb vendosur nga Bashkia e Tiran\u00ebs kan\u00eb \u00a0sjell\u00eb dhe zgjidhjen e shqet\u00ebsimin p\u00ebr shum\u00eb banor\u00eb t\u00eb nj\u00eb blloku \u00a0pallatesh pran\u00eb stacionit t\u00eb trenit.<\/span><\/p>\n<p><span lang=\"SQ\">Me \u00a0marrjen e sinjalizimit, specialist\u00ebt e UKT kan\u00eb nd\u00ebrhyr\u00eb p\u00ebr t\u00eb \u00a0zgjidhur defektin e shfaqur n\u00eb linj\u00ebn furnizuese q\u00eb kalon n\u00eb rrug\u00ebn \u00a0&#8220;Reshit Petrela&#8221;.<\/span><\/p>\n<p><span lang=\"SQ\">Nd\u00ebrhyrja u krye shpejt dhe linja brenda pak or\u00ebve rifilloi furnizimin normal.<\/span><\/p>\n<p><span lang=\"SQ\">P\u00ebr \u00a0t\u00eb normalizuar situat\u00ebn e furnizimit me uj\u00eb t\u00eb pijsh\u00ebm n\u00eb kryeqytet si \u00a0pasoj\u00eb e mosv\u00ebnies dor\u00eb nd\u00ebr vite, punonj\u00ebsit e Bashkis\u00eb \u00e7do dit\u00eb po \u00a0realizojn\u00eb nj\u00eb investim i ri duke p\u00ebrmir\u00ebsuar cil\u00ebsin\u00eb e sh\u00ebrbimit p\u00ebr \u00a0konsumator\u00ebt. Aktualisht n\u00eb rrug\u00ebn \u201cTish Daija\u201d nj\u00eb linj\u00eb e re q\u00eb lidh \u00a0me rrjetin e kanalizimeve nj\u00eb pjes\u00eb t\u00eb mir\u00eb t\u00eb banor\u00ebve, \u00ebsht\u00eb drejt \u00a0p\u00ebrfundimit.<\/span><\/p>\n<p><span lang=\"SQ\">Gjithashtu, \u00a0\u00ebsht\u00eb kryer me sukses edhe nj\u00eb nd\u00ebrhyrje tjet\u00ebr n\u00eb rrug\u00ebn \u201cJul \u00a0Variboba\u201d dhe aktualisht linja ofron furnizim normal p\u00ebr t\u00eb gjith\u00eb \u00a0banor\u00ebt p\u00ebrreth<\/span><\/p>\n","protected":false},"excerpt":{"rendered":"<p>Sinjalizimet \u00a0e qytetar\u00ebve n\u00eb numrin falas t\u00eb vendosur nga Bashkia e Tiran\u00ebs kan\u00eb \u00a0sjell\u00eb dhe zgjidhjen e shqet\u00ebsimin p\u00ebr shum\u00eb banor\u00eb t\u00eb nj\u00eb blloku \u00a0pallatesh pran\u00eb stacionit t\u00eb trenit. Me \u00a0marrjen e sinjalizimit, specialist\u00ebt e UKT kan\u00eb nd\u00ebrhyr\u00eb p\u00ebr t\u00eb \u00a0zgjidhur defektin e shfaqur n\u00eb linj\u00ebn furnizuese q\u00eb kalon n\u00eb rrug\u00ebn \u00a0&#8220;Reshit Petrela&#8221;. Nd\u00ebrhyrja u [&hellip;]<\/p>\n","protected":false},"author":2044,"featured_media":0,"comment_status":"closed","ping_status":"closed","sticky":false,"template":"","format":"standard","meta":{"footnotes":""},"categories":[198,241,231,235],"tags":[],"class_list":{"0":"post-38166","1":"post","2":"type-post","3":"status-publish","4":"format-standard","6":"category-360-grade","7":"category-aktualitet","8":"category-lajme","9":"category-vendi"},"_links":{"self":[{"href":"https:\/\/zjarr.tv\/sq\/wp-json\/wp\/v2\/posts\/38166","targetHints":{"allow":["GET"]}}],"collection":[{"href":"https:\/\/zjarr.tv\/sq\/wp-json\/wp\/v2\/posts"}],"about":[{"href":"https:\/\/zjarr.tv\/sq\/wp-json\/wp\/v2\/types\/post"}],"author":[{"embeddable":true,"href":"https:\/\/zjarr.tv\/sq\/wp-json\/wp\/v2\/users\/2044"}],"replies":[{"embeddable":true,"href":"https:\/\/zjarr.tv\/sq\/wp-json\/wp\/v2\/comments?post=38166"}],"version-history":[{"count":0,"href":"https:\/\/zjarr.tv\/sq\/wp-json\/wp\/v2\/posts\/38166\/revisions"}],"wp:attachment":[{"href":"https:\/\/zjarr.tv\/sq\/wp-json\/wp\/v2\/media?parent=38166"}],"wp:term":[{"taxonomy":"category","embeddable":true,"href":"https:\/\/zjarr.tv\/sq\/wp-json\/wp\/v2\/categories?post=38166"},{"taxonomy":"post_tag","embeddable":true,"href":"https:\/\/zjarr.tv\/sq\/wp-json\/wp\/v2\/tags?post=38166"}],"curies":[{"name":"wp","href":"https:\/\/api.w.org\/{rel}","templated":true}]}}