{"id":38270,"date":"2017-12-26T15:38:39","date_gmt":"2017-12-26T13:38:39","guid":{"rendered":"http:\/\/zjarr.tv\/?p=38270"},"modified":"2017-12-26T15:38:39","modified_gmt":"2017-12-26T13:38:39","slug":"vrau-ne-menyre-makabre-te-atin-28-vjecari-zbulon-arsyen-qe-e-shtyu-drejt-krimit","status":"publish","type":"post","link":"https:\/\/zjarr.tv\/sq\/vrau-ne-menyre-makabre-te-atin-28-vjecari-zbulon-arsyen-qe-e-shtyu-drejt-krimit\/","title":{"rendered":"Vrau n\u00eb m\u00ebnyr\u00eb makabre t\u00eb atin, 28-vje\u00e7ari zbulon arsyen q\u00eb e shtyu drejt krimit"},"content":{"rendered":"<p>Krimet e R\u00ebnda kan\u00eb l\u00ebn\u00eb n\u00eb burg 28-vje\u00e7arin, q\u00eb vrau n\u00eb m\u00ebnyr\u00eb makabre babin e tij.<\/p>\n<p>B\u00ebhet fjal\u00eb p\u00ebr Selman Aliajn\u00a0 28-vje\u00e7, i cili masakroi p\u00ebr vdekje me \u00e7eki\u00e7 t\u00eb atin Fejzi Aliaj, 74-vje\u00e7 dhe m\u00eb pas e hodhi n\u00eb liqenin e Fark\u00ebs.<\/p>\n<p>Sherri mes tyre ka nisur kur Fejzi Alla i ka th\u00ebn\u00eb djalit se \u2018nusen do ta kemi p\u00ebrgjysm\u00eb\u2019.<\/p>\n<p>Gjat\u00eb seanc\u00ebs gjyqsore, Selmani ka rr\u00ebfyer se e ka goditur babain disa her\u00eb me \u00e7eki\u00e7 dhe m\u00eb pas e ka fshehur n\u00eb bagazhin e makin\u00ebs.<\/p>\n<p><em>\u201cM\u00eb pas e hodha n\u00eb Liqenin e Fark\u00ebs dhe u largova n\u00eb Kuk\u00ebs\u201d-\u00a0<\/em>tha i pandehuri Aliaj.<\/p>\n<p><em>\u201cM\u00eb fejuan me zor, un\u00eb doja t\u00eb ikja n\u00eb Gjermani te v\u00ebllai\u201d<\/em>\u00a0\u2013 vijoi m\u00eb tej ai. d\u00ebshmia e Selman.<\/p>\n<p>Nd\u00ebrkoh\u00eb avokati mbrojt\u00ebs i tij, Fran Dashi, ka k\u00ebrkuar q\u00eb klientit t\u00eb tij ti b\u00ebhet ekspertiza psikike, k\u00ebrkes\u00eb e cila \u00ebsht\u00eb pranuar nga gjykata.<\/p>\n","protected":false},"excerpt":{"rendered":"<p>Krimet e R\u00ebnda kan\u00eb l\u00ebn\u00eb n\u00eb burg 28-vje\u00e7arin, q\u00eb vrau n\u00eb m\u00ebnyr\u00eb makabre babin e tij. B\u00ebhet fjal\u00eb p\u00ebr Selman Aliajn\u00a0 28-vje\u00e7, i cili masakroi p\u00ebr vdekje me \u00e7eki\u00e7 t\u00eb atin Fejzi Aliaj, 74-vje\u00e7 dhe m\u00eb pas e hodhi n\u00eb liqenin e Fark\u00ebs. Sherri mes tyre ka nisur kur Fejzi Alla i ka th\u00ebn\u00eb djalit [&hellip;]<\/p>\n","protected":false},"author":2044,"featured_media":0,"comment_status":"closed","ping_status":"closed","sticky":false,"template":"","format":"standard","meta":{"footnotes":""},"categories":[198,241,231,235],"tags":[],"class_list":{"0":"post-38270","1":"post","2":"type-post","3":"status-publish","4":"format-standard","6":"category-360-grade","7":"category-aktualitet","8":"category-lajme","9":"category-vendi"},"_links":{"self":[{"href":"https:\/\/zjarr.tv\/sq\/wp-json\/wp\/v2\/posts\/38270","targetHints":{"allow":["GET"]}}],"collection":[{"href":"https:\/\/zjarr.tv\/sq\/wp-json\/wp\/v2\/posts"}],"about":[{"href":"https:\/\/zjarr.tv\/sq\/wp-json\/wp\/v2\/types\/post"}],"author":[{"embeddable":true,"href":"https:\/\/zjarr.tv\/sq\/wp-json\/wp\/v2\/users\/2044"}],"replies":[{"embeddable":true,"href":"https:\/\/zjarr.tv\/sq\/wp-json\/wp\/v2\/comments?post=38270"}],"version-history":[{"count":0,"href":"https:\/\/zjarr.tv\/sq\/wp-json\/wp\/v2\/posts\/38270\/revisions"}],"wp:attachment":[{"href":"https:\/\/zjarr.tv\/sq\/wp-json\/wp\/v2\/media?parent=38270"}],"wp:term":[{"taxonomy":"category","embeddable":true,"href":"https:\/\/zjarr.tv\/sq\/wp-json\/wp\/v2\/categories?post=38270"},{"taxonomy":"post_tag","embeddable":true,"href":"https:\/\/zjarr.tv\/sq\/wp-json\/wp\/v2\/tags?post=38270"}],"curies":[{"name":"wp","href":"https:\/\/api.w.org\/{rel}","templated":true}]}}