{"id":38755,"date":"2018-01-21T18:38:22","date_gmt":"2018-01-21T17:38:22","guid":{"rendered":"http:\/\/zjarr.tv\/?p=38755"},"modified":"2018-01-21T18:38:22","modified_gmt":"2018-01-21T17:38:22","slug":"berisha-denoncon-avokati-i-bllokon-qytetarit-llogarine-bankare-ne-mungesen-e-tij","status":"publish","type":"post","link":"https:\/\/zjarr.tv\/sq\/berisha-denoncon-avokati-i-bllokon-qytetarit-llogarine-bankare-ne-mungesen-e-tij\/","title":{"rendered":"Berisha denoncon\/ Avokati i bllokon qytetarit llogarin\u00eb bankare n\u00eb munges\u00ebn e tij"},"content":{"rendered":"<p>Ish-Kryeministri Sali Berisha ka denoncuar nj\u00eb rast t\u00eb \u201cvjedhjes\u201d t\u00eb nj\u00eb shume parash t\u00eb nj\u00eb qytetari nga avokati i tij.<\/p>\n<p>N\u00ebp\u00ebrmjet mesazhit t\u00eb qytetarit dixhital, Sali Berisha ka denoncuar rastin n\u00eb t\u00eb cilin avokati Envi Hi\u00e7ka i ka bllokuar llogarin\u00eb bankare t\u00eb nj\u00eb qytetari n\u00ebp\u00ebrmjet nj\u00eb gjyqi n\u00eb munges\u00eb t\u00eb tij.<\/p>\n<p>Denoncuesi V.M, ka th\u00ebn\u00eb se problematika ka erdhur pasi avokati Hi\u00e7ka ka p\u00ebrfaq\u00ebsuar n\u00eb nj\u00eb \u00e7\u00ebshtje gjyq\u00ebsore kundrejt OST p\u00ebr marrjen e 20 pagave p\u00ebr largim t\u00eb padrejt\u00eb nga puna.<\/p>\n<p>Sipas V.M ai e fitoi gjyqin n\u00ebp\u00ebrmjet nj\u00eb avokati tjet\u00ebr pasi Hi\u00e7ka n\u00ebprmjet nj\u00eb emaili t\u00eb m\u00ebparsh\u00ebm e kishte njoftuar klientin e tij q\u00eb ishte e kot\u00eb t\u00eb vazhdonte gjyqin sepse OST e kishte larguar V.M n\u00eb m\u00ebnyr\u00eb t\u00eb rregullt nga puna. Por V.M n\u00eb k\u00ebt\u00eb rast kontaktoi nj\u00eb avokat tjet\u00ebr dhe fitoi gjyqin, dhe k\u00ebrkoi q\u00eb t\u00eb paguane zyr\u00ebn e avokatis\u00eb ku punonte Hi\u00e7ka p\u00ebr t\u00eb shlyer detyrimet e tij por ai nuk e kontaktoi p\u00ebr 3 muaj dhe pas k\u00ebsaj afati i k\u00ebrkoi q\u00eb ta d\u00ebmshp\u00ebrblente me dy rroga ose n\u00eb t\u00eb kund\u00ebrt do i merrte t\u00eb gjitha parat\u00eb.<\/p>\n<p>Pas k\u00ebtij rasti avokati Hi\u00e7ka i ka marr\u00eb V.M n\u00ebp\u00ebrmjet nj\u00eb gjyqi pa pranin\u00eb e tij shum\u00ebn e parave t\u00eb fituara nga d\u00ebmshp\u00ebrblimi i OST-s\u00eb p\u00ebr largimin nga puna.<\/p>\n<p>Statusi i plot\u00eb i Sali Berish\u00ebs:<br \/>\n<iframe loading=\"lazy\" src=\"https:\/\/www.facebook.com\/plugins\/post.php?href=https%3A%2F%2Fwww.facebook.com%2FSaliBerisha%2Fposts%2F940031589491082&amp;width=500\" width=\"500\" height=\"696\" frameborder=\"0\" scrolling=\"no\" data-mce-fragment=\"1\"><\/iframe><\/p>\n","protected":false},"excerpt":{"rendered":"<p>Ish-Kryeministri Sali Berisha ka denoncuar nj\u00eb rast t\u00eb \u201cvjedhjes\u201d t\u00eb nj\u00eb shume parash t\u00eb nj\u00eb qytetari nga avokati i tij. N\u00ebp\u00ebrmjet mesazhit t\u00eb qytetarit dixhital, Sali Berisha ka denoncuar rastin n\u00eb t\u00eb cilin avokati Envi Hi\u00e7ka i ka bllokuar llogarin\u00eb bankare t\u00eb nj\u00eb qytetari n\u00ebp\u00ebrmjet nj\u00eb gjyqi n\u00eb munges\u00eb t\u00eb tij. Denoncuesi V.M, ka th\u00ebn\u00eb [&hellip;]<\/p>\n","protected":false},"author":2044,"featured_media":38756,"comment_status":"closed","ping_status":"closed","sticky":false,"template":"","format":"standard","meta":{"footnotes":""},"categories":[198,241,231,1,235],"tags":[],"class_list":{"0":"post-38755","1":"post","2":"type-post","3":"status-publish","4":"format-standard","5":"has-post-thumbnail","7":"category-360-grade","8":"category-aktualitet","9":"category-lajme","10":"category-uncategorized-sq","11":"category-vendi"},"_links":{"self":[{"href":"https:\/\/zjarr.tv\/sq\/wp-json\/wp\/v2\/posts\/38755","targetHints":{"allow":["GET"]}}],"collection":[{"href":"https:\/\/zjarr.tv\/sq\/wp-json\/wp\/v2\/posts"}],"about":[{"href":"https:\/\/zjarr.tv\/sq\/wp-json\/wp\/v2\/types\/post"}],"author":[{"embeddable":true,"href":"https:\/\/zjarr.tv\/sq\/wp-json\/wp\/v2\/users\/2044"}],"replies":[{"embeddable":true,"href":"https:\/\/zjarr.tv\/sq\/wp-json\/wp\/v2\/comments?post=38755"}],"version-history":[{"count":0,"href":"https:\/\/zjarr.tv\/sq\/wp-json\/wp\/v2\/posts\/38755\/revisions"}],"wp:featuredmedia":[{"embeddable":true,"href":"https:\/\/zjarr.tv\/sq\/wp-json\/wp\/v2\/media\/38756"}],"wp:attachment":[{"href":"https:\/\/zjarr.tv\/sq\/wp-json\/wp\/v2\/media?parent=38755"}],"wp:term":[{"taxonomy":"category","embeddable":true,"href":"https:\/\/zjarr.tv\/sq\/wp-json\/wp\/v2\/categories?post=38755"},{"taxonomy":"post_tag","embeddable":true,"href":"https:\/\/zjarr.tv\/sq\/wp-json\/wp\/v2\/tags?post=38755"}],"curies":[{"name":"wp","href":"https:\/\/api.w.org\/{rel}","templated":true}]}}