{"id":38902,"date":"2018-01-25T18:30:01","date_gmt":"2018-01-25T17:30:01","guid":{"rendered":"http:\/\/zjarr.tv\/?p=38902"},"modified":"2018-01-25T17:40:41","modified_gmt":"2018-01-25T16:40:41","slug":"arrestohet-55-vjecari-mashtronte-me-shitjen-e-apartamenteve","status":"publish","type":"post","link":"https:\/\/zjarr.tv\/sq\/arrestohet-55-vjecari-mashtronte-me-shitjen-e-apartamenteve\/","title":{"rendered":"Arrestohet 55-vje\u00e7ari, mashtronte me shitjen e apartamenteve"},"content":{"rendered":"<p>Nj\u00eb 55-vje\u00e7ar i d\u00ebnuar n\u00eb munges\u00eb me 8 vite burg, \u00ebsht\u00eb arrestuar dit\u00ebn e sotme nga policia n\u00eb Tiran\u00eb.<\/p>\n<p>I arrestuari Eqerem Mehmetaj \u00ebsht\u00eb d\u00ebnuar nga Gjykata e Apelit t\u00eb Vlor\u00ebs \u00a0m\u00eb 16 N\u00ebntor 2017 p\u00ebr vepr\u00ebn penale t\u00eb mashtrimit t\u00eb kryer n\u00eb bashk\u00ebpunim.<\/p>\n<p>Sipas policis\u00eb n\u00eb vitin 2011, Prokuroria Fierit kishte nisur procedim penal ndaj tij, pasi Mehmetaj kishte shitur t\u00eb nj\u00ebjtat apartamente m\u00eb shum\u00eb se nj\u00eb her\u00eb tek persona t\u00eb ndrysh\u00ebm.<\/p>\n","protected":false},"excerpt":{"rendered":"<p>Nj\u00eb 55-vje\u00e7ar i d\u00ebnuar n\u00eb munges\u00eb me 8 vite burg, \u00ebsht\u00eb arrestuar dit\u00ebn e sotme nga policia n\u00eb Tiran\u00eb. I arrestuari Eqerem Mehmetaj \u00ebsht\u00eb d\u00ebnuar nga Gjykata e Apelit t\u00eb Vlor\u00ebs \u00a0m\u00eb 16 N\u00ebntor 2017 p\u00ebr vepr\u00ebn penale t\u00eb mashtrimit t\u00eb kryer n\u00eb bashk\u00ebpunim. Sipas policis\u00eb n\u00eb vitin 2011, Prokuroria Fierit kishte nisur procedim penal [&hellip;]<\/p>\n","protected":false},"author":2044,"featured_media":0,"comment_status":"closed","ping_status":"closed","sticky":false,"template":"","format":"standard","meta":{"footnotes":""},"categories":[198,241,231,1,235],"tags":[],"class_list":{"0":"post-38902","1":"post","2":"type-post","3":"status-publish","4":"format-standard","6":"category-360-grade","7":"category-aktualitet","8":"category-lajme","9":"category-uncategorized-sq","10":"category-vendi"},"_links":{"self":[{"href":"https:\/\/zjarr.tv\/sq\/wp-json\/wp\/v2\/posts\/38902","targetHints":{"allow":["GET"]}}],"collection":[{"href":"https:\/\/zjarr.tv\/sq\/wp-json\/wp\/v2\/posts"}],"about":[{"href":"https:\/\/zjarr.tv\/sq\/wp-json\/wp\/v2\/types\/post"}],"author":[{"embeddable":true,"href":"https:\/\/zjarr.tv\/sq\/wp-json\/wp\/v2\/users\/2044"}],"replies":[{"embeddable":true,"href":"https:\/\/zjarr.tv\/sq\/wp-json\/wp\/v2\/comments?post=38902"}],"version-history":[{"count":0,"href":"https:\/\/zjarr.tv\/sq\/wp-json\/wp\/v2\/posts\/38902\/revisions"}],"wp:attachment":[{"href":"https:\/\/zjarr.tv\/sq\/wp-json\/wp\/v2\/media?parent=38902"}],"wp:term":[{"taxonomy":"category","embeddable":true,"href":"https:\/\/zjarr.tv\/sq\/wp-json\/wp\/v2\/categories?post=38902"},{"taxonomy":"post_tag","embeddable":true,"href":"https:\/\/zjarr.tv\/sq\/wp-json\/wp\/v2\/tags?post=38902"}],"curies":[{"name":"wp","href":"https:\/\/api.w.org\/{rel}","templated":true}]}}