{"id":428258,"date":"2026-04-25T11:24:11","date_gmt":"2026-04-25T09:24:11","guid":{"rendered":"https:\/\/zjarr.tv\/?p=428258"},"modified":"2026-04-25T11:24:13","modified_gmt":"2026-04-25T09:24:13","slug":"arjan-ndoja-rrefen-atentatin-ne-gjkko-nuk-i-kam-borxh-askujt","status":"publish","type":"post","link":"https:\/\/zjarr.tv\/sq\/arjan-ndoja-rrefen-atentatin-ne-gjkko-nuk-i-kam-borxh-askujt\/","title":{"rendered":"Arjan Ndoja rr\u00ebfen atentatin n\u00eb GJKKO: Nuk i kam borxh askujt"},"content":{"rendered":"\n<p>Ish-prokurori i Durr\u00ebsit, aktualisht deputet i Partis\u00eb Demokratike, Arjan Ndoja, ka d\u00ebshmuar n\u00eb Gjykat\u00ebn e Posa\u00e7me kund\u00ebr Korrupsionit dhe Krimit t\u00eb Organizuar (GJKKO) n\u00eb procesin gjyq\u00ebsor p\u00ebr atentatin ndaj tij t\u00eb ndodhur n\u00eb n\u00ebntor 2019, ku mbeti i vrar\u00eb Andi Maloku dhe u plagos\u00ebn vet\u00eb Ndoja dhe Aleksand\u00ebr Laho, i njohur si \u201cRrumi i Shijakut\u201d.<\/p>\n\n\n\n<p>N\u00eb k\u00ebt\u00eb \u00e7\u00ebshtje po gjykohen Amar Shk\u00ebmbi dhe Bledar Polovina, t\u00eb akuzuar si t\u00eb p\u00ebrfshir\u00eb n\u00eb atentatin e ndodhur n\u00eb mbikalimin e Shkozetit. Shk\u00ebmbi nuk \u00ebsht\u00eb paraqitur n\u00eb seanc\u00eb, por ka deklaruar se do t\u00eb p\u00ebrfaq\u00ebsohet nga avokat\u00ebt e tij.<\/p>\n\n\n\n<p>Gjat\u00eb d\u00ebshmis\u00eb s\u00eb tij, Ndoja deklaroi se n\u00eb at\u00eb periudh\u00eb nuk kishte konflikte t\u00eb drejtp\u00ebrdrejta, p\u00ebrve\u00e7 sulmeve politike ndaj tij.<\/p>\n\n\n\n<p><em>\u201cN\u00eb 2019 kam qen\u00eb prokuror n\u00eb Durr\u00ebs. P\u00ebrve\u00e7 anatemimit q\u00eb m\u00eb kan\u00eb b\u00ebr\u00eb figura t\u00eb larta politike, nuk kam pasur asnj\u00eb lloj problematike tjet\u00ebr,\u201d u s<\/em>hpreh ai n\u00eb gjykat\u00eb.<\/p>\n\n\n\n<p>Ai theksoi se nuk kishte informacion mbi autor\u00ebt dhe as ndonj\u00eb paralajm\u00ebrim p\u00ebr ngjarjen.<\/p>\n\n\n\n<p>\u201c<em>Nuk kam m\u00ebsuar as m\u00eb pas, iden\u00eb se kush na ka q\u00eblluar. P\u00ebr Andi Malokun kam d\u00ebrgu njer\u00ebzit e mi q\u00eb t\u00eb interesoheshin p\u00ebr gjendjen e tij sh\u00ebndet\u00ebsore. Familjar\u00ebt nuk din\u00eb asgj\u00eb por as i ndjeri nuk ka par\u00eb gj\u00eb se ato nuk kan\u00eb q\u00eblluar paralel kan\u00eb q\u00eblluar nga mbrapa<\/em>\u201d, deklaroi Ndoja.<\/p>\n\n\n\n<p>N\u00eb sall\u00ebn e gjyqit, ai mohoi t\u00eb njihte t\u00eb pandehurit dhe tha se emrin e Plaurent Dervishit e njeh vet\u00ebm nga nj\u00eb procedim i m\u00ebparsh\u00ebm.<\/p>\n\n\n\n<p>\u201c<em>T\u00eb pandehurit e k\u00ebtij procesi un\u00eb nuk i njoh\u2026 Plaurent Dervishin e njoh si em\u00ebr se ka pasur nj\u00eb procedim n\u00eb Durr\u00ebs,\u201d<\/em>&nbsp;\u2013 tha ai.<\/p>\n\n\n\n<p>Ish-prokurori ngriti gjithashtu dyshime se n\u00eb at\u00eb periudh\u00eb mund t\u00eb ket\u00eb qen\u00eb n\u00ebn v\u00ebzhgim nga struktura shtet\u00ebrore.<\/p>\n\n\n\n<p>\u201c<em>P\u00ebr shkak t\u00eb sulmeve politike un\u00eb kam pasur dyshime mos m\u00eb kan\u00eb v\u00ebn\u00eb sh\u00ebrbime t\u00eb posa\u00e7me t\u00eb policis\u00eb, p\u00ebr shkak t\u00eb vettingut,<\/em>\u201d \u2013 deklaroi Ndoja.<\/p>\n\n\n\n<p>Duke rr\u00ebfyer momentet e atentatit, ai p\u00ebrshkroi se si ngjarja ndodhi n\u00eb l\u00ebvizje, nd\u00ebrsa automjeti u godit me arm\u00eb zjarri pran\u00eb mbikalimit t\u00eb Shkozetit.<\/p>\n\n\n\n<p>\u201c<em>N\u00eb momentet e para nuk e kam kuptuar se ishin t\u00eb sht\u00ebnat me arm\u00eb zjarri.\u00a0 Krismat nuk kan\u00eb qen\u00eb m\u00eb bresh\u00ebri kan\u00eb qen\u00eb t\u00eb ndara. Kan\u00eb qen\u00eb dy arm\u00eb pasi b\u00ebnin zhurma t\u00eb ndryshme dhe intervali i koh\u00ebs i gjuajtjes. Q\u00eb kur kan\u00eb filluar krismat deri kur automjeti ka dal\u00eb nga rruga ka zgjatur rreth 20 sekonda. Kur u plagos i ndjeri Andi Maloku ai i dha gaz makin\u00ebs dhe kemi goditur nj\u00eb nga barrierat e rrug\u00ebs dhe kemi p\u00ebrfunduar jasht\u00eb rruge.\u00a0 Kur kemi dal nga rruga dhe ka ndalu se ka ngec makina n\u00eb kanal vet\u00ebm Andi Maloku ishte m\u00eb i vet\u00ebdijsh\u00ebm dhe ai ka marr\u00eb babin n\u00eb telefon dhe i ka th\u00ebn\u00eb bab\u00eb na kan\u00eb gjujt,\u201d<\/em>\u00a0\u2013 tha ai.<\/p>\n\n\n\n<p>Sipas d\u00ebshmis\u00eb s\u00eb tij, pas humbjes s\u00eb kontrollit t\u00eb automjetit dhe p\u00ebrplasjes, ai humbi ndjenjat.<\/p>\n\n\n\n<p>\u201c<em>Kur kam tentuar t\u00eb dal nga makina kam humbur ndjenjat dhe nuk m\u00eb kujtohet m\u00eb. Nd\u00ebrsa Andi Maloku u rr\u00ebzua kur hapi der\u00ebn sepse mesa duket plumbin e kishte n\u00eb shtylle kurrizore.\u201d<\/em>&nbsp;\u2013 u shpreh Ndoja.<\/p>\n\n\n\n<p>Ai shtoi se nuk ka marr\u00eb kurr\u00eb informacione konkrete p\u00ebr autor\u00ebt dhe se askush nuk i \u00ebsht\u00eb drejtuar p\u00ebr t\u00eb shpjeguar ngjarjen.<\/p>\n\n\n\n<p><em>\u201cP\u00ebrve\u00e7se nga organi i prokuroris\u00eb apo vendimet gjyq\u00ebsore, nuk ka ardhur askush t\u00eb na thot\u00eb pse ka ndodhur kjo gj\u00eb,<\/em>\u201d \u2013 deklaroi ai.<\/p>\n\n\n\n<p>N\u00eb p\u00ebrfundim t\u00eb d\u00ebshmis\u00eb, Ndoja tha se nuk ka pasur lidhje me persona t\u00eb p\u00ebrmendur n\u00eb hetim dhe se nuk ka pasur asnj\u00eb aktivitet t\u00eb dyshimt\u00eb financiar apo biznesi me ta.<\/p>\n\n\n\n<p>\u201c<em>Un\u00eb edhe sot jam k\u00ebtu sepse nuk i kam borxh askujt,<\/em>\u201d \u2013 p\u00ebrfundoi ai.<\/p>\n\n\n\n<p>Atentati ndaj Arjan Ndoj\u00ebs, ish-prokuror n\u00eb rrethin e Durr\u00ebsit, ndodhi n\u00eb 2019 pran\u00eb mbikalimit t\u00eb Shkozetit. Ish-prokurori, s\u00eb bashku me \u201cRrumin\u201d dhe shoferin Andi Maloku, ndodheshin n\u00eb nj\u00eb fuoristrad\u00eb q\u00eb u q\u00ebllua me bresh\u00ebri automatiku nga nj\u00eb tjet\u00ebr automjet n\u00eb l\u00ebvizje.<\/p>\n\n\n\n<p>Hetimet e SPAK zbuluan nj\u00eb rrjet t\u00eb gjer\u00eb personash t\u00eb lidhur me Plaurent Dervishajn, t\u00eb cil\u00ebt p\u00ebrmes komunikimeve t\u00eb koduara n\u00eb aplikacionin \u201cSky ECC\u201d kishin organizuar ndjekjen dhe m\u00eb pas ekzekutimin e atentatit. Motivimi mendohet t\u00eb ket\u00eb qen\u00eb nj\u00eb konflikt p\u00ebr interesa pron\u00ebsie dhe influenc\u00eb n\u00eb zon\u00ebn e Gjirit t\u00eb Lal\u00ebzit.<\/p>\n\n\n\n<p>Zyrtarisht p\u00ebr atentatin e 1 n\u00ebntorit 2019 Prokuroria e Posa\u00e7me ka akuzuar 11 persona. Plaurent Dervishajn, Julian Me\u00e7ajn, Julian Pjetrin, Arjol Halilajn, Amar Shk\u00ebmbin, Bashkim Haxhijan, Bledar Polovin\u00ebn, Endrit Sinanin, Genti Nderjakun, Ramazan Rraj\u00ebn e Redjan Rraj\u00ebn.<\/p>\n\n\n\n<p>Gjykata e Posa\u00e7me ka d\u00ebnuar me 35 vite burg Arjol Halilajn dhe burgim t\u00eb p\u00ebrjetsh\u00ebm Redjan Rraj\u00ebn nd\u00ebrsa t\u00eb tjer\u00ebt presin t\u00eb gjykohen.\/shteg.org<\/p>\n","protected":false},"excerpt":{"rendered":"<p>Ish-prokurori i Durr\u00ebsit, aktualisht deputet i Partis\u00eb Demokratike, Arjan Ndoja, ka d\u00ebshmuar n\u00eb Gjykat\u00ebn e Posa\u00e7me kund\u00ebr Korrupsionit dhe Krimit t\u00eb Organizuar (GJKKO) n\u00eb procesin gjyq\u00ebsor p\u00ebr atentatin ndaj tij t\u00eb ndodhur n\u00eb n\u00ebntor 2019, ku mbeti i vrar\u00eb Andi Maloku dhe u plagos\u00ebn vet\u00eb Ndoja dhe Aleksand\u00ebr Laho, i njohur si \u201cRrumi i Shijakut\u201d. [&hellip;]<\/p>\n","protected":false},"author":2013,"featured_media":428259,"comment_status":"closed","ping_status":"closed","sticky":false,"template":"","format":"standard","meta":{"footnotes":""},"categories":[241,5380,231,235],"tags":[],"class_list":{"0":"post-428258","1":"post","2":"type-post","3":"status-publish","4":"format-standard","5":"has-post-thumbnail","7":"category-aktualitet","8":"category-kryesore","9":"category-lajme","10":"category-vendi"},"_links":{"self":[{"href":"https:\/\/zjarr.tv\/sq\/wp-json\/wp\/v2\/posts\/428258","targetHints":{"allow":["GET"]}}],"collection":[{"href":"https:\/\/zjarr.tv\/sq\/wp-json\/wp\/v2\/posts"}],"about":[{"href":"https:\/\/zjarr.tv\/sq\/wp-json\/wp\/v2\/types\/post"}],"author":[{"embeddable":true,"href":"https:\/\/zjarr.tv\/sq\/wp-json\/wp\/v2\/users\/2013"}],"replies":[{"embeddable":true,"href":"https:\/\/zjarr.tv\/sq\/wp-json\/wp\/v2\/comments?post=428258"}],"version-history":[{"count":1,"href":"https:\/\/zjarr.tv\/sq\/wp-json\/wp\/v2\/posts\/428258\/revisions"}],"predecessor-version":[{"id":428260,"href":"https:\/\/zjarr.tv\/sq\/wp-json\/wp\/v2\/posts\/428258\/revisions\/428260"}],"wp:featuredmedia":[{"embeddable":true,"href":"https:\/\/zjarr.tv\/sq\/wp-json\/wp\/v2\/media\/428259"}],"wp:attachment":[{"href":"https:\/\/zjarr.tv\/sq\/wp-json\/wp\/v2\/media?parent=428258"}],"wp:term":[{"taxonomy":"category","embeddable":true,"href":"https:\/\/zjarr.tv\/sq\/wp-json\/wp\/v2\/categories?post=428258"},{"taxonomy":"post_tag","embeddable":true,"href":"https:\/\/zjarr.tv\/sq\/wp-json\/wp\/v2\/tags?post=428258"}],"curies":[{"name":"wp","href":"https:\/\/api.w.org\/{rel}","templated":true}]}}