{"id":428279,"date":"2026-04-27T10:22:51","date_gmt":"2026-04-27T08:22:51","guid":{"rendered":"https:\/\/zjarr.tv\/?p=428279"},"modified":"2026-04-27T10:22:56","modified_gmt":"2026-04-27T08:22:56","slug":"florjan-binaj-publikon-pamjet-liqeni-i-tiranes-vendgrumbullimi-i-ujerave-te-zeza-dhe-mbeturinave","status":"publish","type":"post","link":"https:\/\/zjarr.tv\/sq\/florjan-binaj-publikon-pamjet-liqeni-i-tiranes-vendgrumbullimi-i-ujerave-te-zeza-dhe-mbeturinave\/","title":{"rendered":"Florjan Binaj publikon pamjet: Liqeni i Tiran\u00ebs, vendgrumbullimi i uj\u00ebrave t\u00eb zeza dhe mbeturinave!"},"content":{"rendered":"\n<p>Aktori i humorit, Florjan Binaj i cili s\u00eb fundmi shpalli kandidatur\u00ebn e tij t\u00eb pavarur p\u00ebr t\u00eb marr\u00eb n\u00eb dor\u00eb frenat e Bashkis\u00eb Tiran\u00eb, ka zbuluar gjendjen aktuale t\u00eb Liqenit t\u00eb Tiran\u00ebs, uji i t\u00eb cilit \u00ebsht\u00eb ndotur nga uj\u00ebrat e zeza dhe mbetjet e betonit nga nd\u00ebrtimet e shumta q\u00eb jan\u00eb b\u00ebr\u00eb gjat\u00eb viteve t\u00eb fundit. &nbsp;<\/p>\n\n\n\n<p>P\u00ebrmes nj\u00eb postimi t\u00eb b\u00ebr\u00eb n\u00eb faqen e tij zyrtare n\u00eb Instagram, Binaj publikoi pamjet e liqenit artificial t\u00eb Tiran\u00ebs nga lart p\u00ebr t\u00eb cilin shkruan se \u00ebsht\u00eb kthyer n\u00eb nj\u00eb vendngrumbullim t\u00eb uj\u00ebrave t\u00eb zeza nga mbind\u00ebrtimet e viteve t\u00eb fundit.<\/p>\n\n\n\n<p><em>\u201cKjo pamje nga lart e liqenit Artificial t\u00eb Tiran\u00ebs, tregon m\u00eb s\u00eb miri shkat\u00ebrrimin e nj\u00eb baseni ujor kaq t\u00eb madh dhe kthimin e tij n\u00eb nj\u00eb v\u00ebndgrumbullim t\u00eb ujrave t\u00eb zeza nga mbind\u00ebrtimi i viteve t\u00eb fundit ku t\u00eb gjitha pallatet shkarkojn\u00eb n\u00eb liqen<\/em>\u201d shkroi Binaj n\u00eb postimin e tij.<\/p>\n\n\n\n<p>M\u00eb tej personazhi i njohur p\u00ebr shqiptar\u00ebt, shkroi se p\u00ebr k\u00ebt\u00eb situat\u00eb nuk \u00ebsht\u00eb e nevojshme q\u00eb t\u00eb jesh i specializuar n\u00eb fush\u00ebn e mjek\u00ebsis\u00eb q\u00eb t\u00eb kuptosh pasojat e r\u00ebnda q\u00eb gjendja e liqenit t\u00eb Tiran\u00ebs shkakton te njer\u00ebzit duke n\u00ebnvizuar se mund t\u00eb p\u00ebrhapen leht\u00ebsisht infeksionet dhe s\u00ebmundjet.<\/p>\n\n\n\n<p><em>\u201cNuk ka nevoj\u00eb t\u00eb jesh as biolog dhe as mjek p\u00ebr t\u00eb kuptuar q\u00eb nuk ka asgj\u00eb t\u00eb sh\u00ebndetshme tek ngjyra q\u00eb ka marr\u00eb liqeni, i cili me rritjen e temperaturave, do jet\u00eb ushqyesi m\u00eb i madh i p\u00ebrhapjes s\u00eb infeksioneve dhe s\u00ebmundjeve\u2026madje edhe lumi Lana q\u00eb t\u00eb gjith\u00eb e dim\u00eb si \u00ebsht\u00eb, ka disa v\u00ebnde q\u00eb nuk jan\u00eb kaq t\u00eb ndotura\u201d<\/em>&nbsp;shtoi m\u00eb tej aktori.<\/p>\n\n\n\n<p>N\u00eb p\u00ebrmbyllje t\u00eb reagimit t\u00eb tij Binaj n\u00ebnvizoi se duhet reaguar menj\u00ebher\u00eb p\u00ebr k\u00ebt\u00eb situat\u00eb e cila prek sh\u00ebndetin e t\u00eb gjith\u00eb qytetar\u00ebve, q\u00eb nga f\u00ebmij\u00ebt e deri te t\u00eb moshuarit.<\/p>\n\n\n\n<p><em>&#8220;Kjo filozofia e verb\u00ebr \u201cs\u2019na gjen gj\u00eb nga shkat\u00ebrrimi i natyr\u00ebs\u201d duhet t\u00eb marr\u00eb fund sa m\u00eb shpejt sepse po e paguajm\u00eb padrejt\u00ebsisht me sh\u00ebndetin dhe jet\u00ebn ton\u00eb dhe t\u00eb f\u00ebmij\u00ebve tan\u00eb, e n\u00ebse nuk ju dhimbsen as f\u00ebmij\u00ebt, mos prisni t\u2019ju quajn\u00eb njer\u00ebz&#8221;<\/em>&nbsp;p\u00ebrmbylli reagimin e tij Florjan Binaj.&nbsp;<\/p>\n","protected":false},"excerpt":{"rendered":"<p>Aktori i humorit, Florjan Binaj i cili s\u00eb fundmi shpalli kandidatur\u00ebn e tij t\u00eb pavarur p\u00ebr t\u00eb marr\u00eb n\u00eb dor\u00eb frenat e Bashkis\u00eb Tiran\u00eb, ka zbuluar gjendjen aktuale t\u00eb Liqenit t\u00eb Tiran\u00ebs, uji i t\u00eb cilit \u00ebsht\u00eb ndotur nga uj\u00ebrat e zeza dhe mbetjet e betonit nga nd\u00ebrtimet e shumta q\u00eb jan\u00eb b\u00ebr\u00eb gjat\u00eb viteve [&hellip;]<\/p>\n","protected":false},"author":2013,"featured_media":428280,"comment_status":"closed","ping_status":"closed","sticky":false,"template":"","format":"standard","meta":{"footnotes":""},"categories":[241,5380,231,1454,235],"tags":[],"class_list":{"0":"post-428279","1":"post","2":"type-post","3":"status-publish","4":"format-standard","5":"has-post-thumbnail","7":"category-aktualitet","8":"category-kryesore","9":"category-lajme","10":"category-politike","11":"category-vendi"},"_links":{"self":[{"href":"https:\/\/zjarr.tv\/sq\/wp-json\/wp\/v2\/posts\/428279","targetHints":{"allow":["GET"]}}],"collection":[{"href":"https:\/\/zjarr.tv\/sq\/wp-json\/wp\/v2\/posts"}],"about":[{"href":"https:\/\/zjarr.tv\/sq\/wp-json\/wp\/v2\/types\/post"}],"author":[{"embeddable":true,"href":"https:\/\/zjarr.tv\/sq\/wp-json\/wp\/v2\/users\/2013"}],"replies":[{"embeddable":true,"href":"https:\/\/zjarr.tv\/sq\/wp-json\/wp\/v2\/comments?post=428279"}],"version-history":[{"count":1,"href":"https:\/\/zjarr.tv\/sq\/wp-json\/wp\/v2\/posts\/428279\/revisions"}],"predecessor-version":[{"id":428281,"href":"https:\/\/zjarr.tv\/sq\/wp-json\/wp\/v2\/posts\/428279\/revisions\/428281"}],"wp:featuredmedia":[{"embeddable":true,"href":"https:\/\/zjarr.tv\/sq\/wp-json\/wp\/v2\/media\/428280"}],"wp:attachment":[{"href":"https:\/\/zjarr.tv\/sq\/wp-json\/wp\/v2\/media?parent=428279"}],"wp:term":[{"taxonomy":"category","embeddable":true,"href":"https:\/\/zjarr.tv\/sq\/wp-json\/wp\/v2\/categories?post=428279"},{"taxonomy":"post_tag","embeddable":true,"href":"https:\/\/zjarr.tv\/sq\/wp-json\/wp\/v2\/tags?post=428279"}],"curies":[{"name":"wp","href":"https:\/\/api.w.org\/{rel}","templated":true}]}}