{"id":428282,"date":"2026-04-27T11:17:59","date_gmt":"2026-04-27T09:17:59","guid":{"rendered":"https:\/\/zjarr.tv\/?p=428282"},"modified":"2026-04-27T11:18:09","modified_gmt":"2026-04-27T09:18:09","slug":"presione-nga-politika-braho-nese-behen-projektligje-qe-prekin-kompetencat-tona-do-te-ngreme-zerin","status":"publish","type":"post","link":"https:\/\/zjarr.tv\/sq\/presione-nga-politika-braho-nese-behen-projektligje-qe-prekin-kompetencat-tona-do-te-ngreme-zerin\/","title":{"rendered":"Presione nga politika? Braho: N\u00ebse b\u00ebhen projektligje q\u00eb prekin kompetencat tona, do t\u00eb ngrem\u00eb z\u00ebrin"},"content":{"rendered":"\n<p>U mbajt p\u00ebr 1 or\u00eb, k\u00ebt\u00eb t\u00eb h\u00ebn\u00eb mbledhja e K\u00ebshillit t\u00eb Lart\u00eb t\u00eb Prokuroris\u00eb. N\u00eb seanc\u00eb ishte i pranish\u00ebm kreu i Struktur\u00ebs s\u00eb Posa\u00e7me AntiKorrupsion, Klodian Braho, i shoq\u00ebruar nga Vladimir Mara (shef i seksionit kund\u00ebr krimit t\u00eb organizuar dhe terrorizmit), Dorina Bejko (shefe e seksionit kund\u00ebr korrupsionit) dhe drejtuesi i Byros\u00eb Komb\u00ebtare t\u00eb Hetimit, Joni Keta.<\/p>\n\n\n\n<p>Ai paraqiti n\u00eb m\u00ebnyr\u00eb t\u00eb p\u00ebrmbledhur t\u00eb dh\u00ebnat p\u00ebr pun\u00ebn e SPAK gjat\u00eb vitit 2025, koh\u00eb kur institucioni \u00ebsht\u00eb drejtuar nga Altin Dumani.<\/p>\n\n\n\n<p>Deklaroi se gjat\u00eb vitit t\u00eb shkuar jan\u00eb regjistruar&nbsp;<strong>870 procedime penale,<\/strong>&nbsp;nd\u00ebrsa vendimet e faj\u00ebsis\u00eb p\u00ebrb\u00ebjn\u00eb 87% t\u00eb totalit, duke e cil\u00ebsuar k\u00ebt\u00eb si nj\u00eb tregues t\u00eb efektivitetit t\u00eb lart\u00eb t\u00eb institucionit.<\/p>\n\n\n\n<p>Ai shtoi gjithashtu se masat e sigurimit \u201carrest me burg\u201d kan\u00eb p\u00ebsuar r\u00ebnie me rreth 53.4%, krahasuar me vitin 2024.<\/p>\n\n\n\n<p>Sipas tij, p\u00ebr vitin 2025 kjo mas\u00eb p\u00ebr veprat penale t\u00eb korrupsionit p\u00ebrb\u00ebn vet\u00ebm 3.45% t\u00eb totalit t\u00eb personave n\u00ebn hetim, nga rreth 5% n\u00eb vitin 2024. Nd\u00ebrsa p\u00ebr krimin e organizuar, \u201carresti n\u00eb burg\u201d z\u00eb 21.4% t\u00eb rasteve, nga rreth 31% nj\u00eb vit m\u00eb par\u00eb. Braho b\u00ebri me dije se gjat\u00eb vitit 2025 \u00ebsht\u00eb regjistruar nj\u00eb ulje e numrit t\u00eb \u00e7\u00ebshtjeve p\u00ebr k\u00ebt\u00eb vep\u00ebr penale, nga 101 \u00e7\u00ebshtje n\u00eb vitin 2024 n\u00eb 74 \u00e7\u00ebshtje gjat\u00eb vitit t\u00eb kaluar.<\/p>\n\n\n\n<p>N\u00eb fush\u00ebn e krimit t\u00eb organizuar, megjith\u00ebse numri i \u00e7\u00ebshtjeve t\u00eb regjistruara ka qen\u00eb m\u00eb i ul\u00ebt krahasuar me vitin 2024, \u00e7\u00ebshtjet dhe hetimet e p\u00ebrfunduara kan\u00eb sh\u00ebnuar nj\u00eb rritje prej rreth 3.4%, nga 58 n\u00eb 2024-\u00ebn n\u00eb 60 n\u00eb 2025-\u00ebn.<\/p>\n\n\n\n<p>Kreu i SPAK iu drejtua K\u00ebshillit t\u00eb Lart\u00eb t\u00eb Prokuroris\u00eb duke iu b\u00ebr\u00eb me dije se deri n\u00eb k\u00ebto momente nuk paraqitet situat\u00eb problematike apo \u2018presione\u2019 nga retorika politike n\u00eb lidhje me cenimin e kompetencave t\u00eb institucionit q\u00eb drejton.<\/p>\n\n\n\n<p>Por Klodian Braho shtoi se n\u00ebse do t\u00eb v\u00ebn\u00eb re q\u00eb kjo do t\u00eb tentohet t\u00eb b\u00ebhet p\u00ebrmes drafteve apo projekteve ligjore, do t\u00eb ngren\u00eb z\u00ebrin.<\/p>\n\n\n\n<p>\u201cRetorika n\u00eb vetvete nuk p\u00ebrb\u00ebn k\u00ebrc\u00ebnim, p\u00ebr ta kuptuar se kur do t\u00eb jet\u00eb shqet\u00ebsuese, \u00ebsht\u00eb kur do shoq\u00ebrohet me situat\u00eb ligjore q\u00eb mund t\u00eb prek\u00eb kompetencat e institucionit. P\u00ebr momentin mendoj se nuk \u00ebsht\u00eb problematike. N\u00ebse do kemi ndonj\u00eb situat\u00eb t\u00eb till\u00eb, drafte apo projekte ligjore, ne do ngrem\u00eb z\u00ebrin do ta b\u00ebjm\u00eb publik. K\u00ebt\u00eb mendim dhe shqet\u00ebsim do ia p\u00ebrcjellim edhe KLP\u201d, u shpreh Braho.<\/p>\n","protected":false},"excerpt":{"rendered":"<p>U mbajt p\u00ebr 1 or\u00eb, k\u00ebt\u00eb t\u00eb h\u00ebn\u00eb mbledhja e K\u00ebshillit t\u00eb Lart\u00eb t\u00eb Prokuroris\u00eb. N\u00eb seanc\u00eb ishte i pranish\u00ebm kreu i Struktur\u00ebs s\u00eb Posa\u00e7me AntiKorrupsion, Klodian Braho, i shoq\u00ebruar nga Vladimir Mara (shef i seksionit kund\u00ebr krimit t\u00eb organizuar dhe terrorizmit), Dorina Bejko (shefe e seksionit kund\u00ebr korrupsionit) dhe drejtuesi i Byros\u00eb Komb\u00ebtare t\u00eb [&hellip;]<\/p>\n","protected":false},"author":2013,"featured_media":428283,"comment_status":"closed","ping_status":"closed","sticky":false,"template":"","format":"standard","meta":{"footnotes":""},"categories":[241,364,5380,231,1454,235],"tags":[],"class_list":{"0":"post-428282","1":"post","2":"type-post","3":"status-publish","4":"format-standard","5":"has-post-thumbnail","7":"category-aktualitet","8":"category-koment-opinion","9":"category-kryesore","10":"category-lajme","11":"category-politike","12":"category-vendi"},"_links":{"self":[{"href":"https:\/\/zjarr.tv\/sq\/wp-json\/wp\/v2\/posts\/428282","targetHints":{"allow":["GET"]}}],"collection":[{"href":"https:\/\/zjarr.tv\/sq\/wp-json\/wp\/v2\/posts"}],"about":[{"href":"https:\/\/zjarr.tv\/sq\/wp-json\/wp\/v2\/types\/post"}],"author":[{"embeddable":true,"href":"https:\/\/zjarr.tv\/sq\/wp-json\/wp\/v2\/users\/2013"}],"replies":[{"embeddable":true,"href":"https:\/\/zjarr.tv\/sq\/wp-json\/wp\/v2\/comments?post=428282"}],"version-history":[{"count":1,"href":"https:\/\/zjarr.tv\/sq\/wp-json\/wp\/v2\/posts\/428282\/revisions"}],"predecessor-version":[{"id":428284,"href":"https:\/\/zjarr.tv\/sq\/wp-json\/wp\/v2\/posts\/428282\/revisions\/428284"}],"wp:featuredmedia":[{"embeddable":true,"href":"https:\/\/zjarr.tv\/sq\/wp-json\/wp\/v2\/media\/428283"}],"wp:attachment":[{"href":"https:\/\/zjarr.tv\/sq\/wp-json\/wp\/v2\/media?parent=428282"}],"wp:term":[{"taxonomy":"category","embeddable":true,"href":"https:\/\/zjarr.tv\/sq\/wp-json\/wp\/v2\/categories?post=428282"},{"taxonomy":"post_tag","embeddable":true,"href":"https:\/\/zjarr.tv\/sq\/wp-json\/wp\/v2\/tags?post=428282"}],"curies":[{"name":"wp","href":"https:\/\/api.w.org\/{rel}","templated":true}]}}