{"id":428285,"date":"2026-04-27T12:23:15","date_gmt":"2026-04-27T10:23:15","guid":{"rendered":"https:\/\/zjarr.tv\/?p=428285"},"modified":"2026-04-27T12:23:22","modified_gmt":"2026-04-27T10:23:22","slug":"vrasja-e-ciftit-ne-lezhe-policia-identifikon-3-autoret-e-krimit","status":"publish","type":"post","link":"https:\/\/zjarr.tv\/sq\/vrasja-e-ciftit-ne-lezhe-policia-identifikon-3-autoret-e-krimit\/","title":{"rendered":"Vrasja e \u00e7iftit n\u00eb Lezh\u00eb, policia identifikon 3 autor\u00ebt e krimit"},"content":{"rendered":"\n<p>Drejtori i Policis\u00eb Lezh\u00eb Arben Nasufi, ka dal\u00eb n\u00eb nj\u00eb konferenc\u00eb p\u00ebr mediat n\u00eb lidhje me&nbsp; zbardhjen e ngjarjes s\u00eb ndodhur dit\u00ebn e djeshme, 26 prill, n\u00eb fshatin Balldren t\u00eb Lezh\u00ebs, ku mbet\u00ebn t\u00eb vrar\u00eb \u00e7ifti i bashk\u00ebshort\u00ebve, Kreshnik dhe Gentjana Mujeci, 39 dhe 32 vje\u00e7e.<\/p>\n\n\n\n<p>Gjat\u00eb fjal\u00ebs s\u00eb tij kreu i Policis\u00eb s\u00eb Lezh\u00ebs tha se \u00ebsht\u00eb b\u00ebr\u00eb i mundur identifikimi i tre autor\u00ebve t\u00eb dyshuar t\u00eb k\u00ebzaj ngjarjeje t\u00eb r\u00ebnd\u00eb. Ata jan\u00eb A. M., 22 vje\u00e7, F. M., 36 vje\u00e7 dhe R. M., 23 vje\u00e7. T\u00eb tre jan\u00eb banues t\u00eb Lezh\u00ebs.<\/p>\n\n\n\n<p><em>\u201cHetimet kan\u00eb vijuar me k\u00ebqyrjen&nbsp; dhe administrimin e t\u00eb gjitha pamjeve filmike mbi intinerarin e l\u00ebvizjeve t\u00eb viktimave dhe autor\u00ebve, analizimin e \u00e7do prove materiale dhe si rezultat \u00ebsht\u00eb identifikuar nj\u00ebri prej automjeteve t\u00eb p\u00ebrdorura nga autor\u00ebt, i mark\u00ebs \u201cAudi A4\u201d.&nbsp; N\u00eb vijim t\u00eb hetimeve t\u00eb thelluara dhe profesionale, analizimit t\u00eb \u00e7do prove q\u00eb lidhej me ngjarjen, u b\u00eb i mundur identifikimi i autor\u00ebve t\u00eb dyshuar, konkretisht i shtetasve:&nbsp; A. M., 22 vje\u00e7, F. M., 36 vje\u00e7 dhe R. M., 23 vje\u00e7, banues n\u00eb Lezh\u00eb.\u201d<\/em><\/p>\n\n\n\n<p><em>Sipas policis\u00eb, shkaku kryesor i atentatit ka qen\u00eb p\u00ebr hakmarrje. Nd\u00ebrkoh\u00eb q\u00eb pas identifikimit t\u00eb tre autor\u00ebve jan\u00eb b\u00ebr\u00eb kontrolle n\u00eb banesat e tyre, por ende nuk \u00ebsht\u00eb b\u00ebr\u00eb i mundur arrestimi i tyre. Tre t\u00eb rinjt\u00eb jan\u00eb shpallur n\u00eb k\u00ebrkim nd\u00ebrkomb\u00ebtar.<\/em><\/p>\n\n\n\n<p><em>\u201cNga veprimet e m\u00ebtejshme hetimore dyshohet se vrasja ka ndodhur p\u00ebr arsye hakmarrjeje.&nbsp; P\u00ebrsa i p\u00ebrket autor\u00ebve, pas identifikimit t\u00eb tyre, nga ana e strukturave policore jan\u00eb ushtruar kontrolle n\u00eb disa banesa dhe ambiente t\u00eb tjera,&nbsp; por nuk \u00ebsht\u00eb b\u00ebr\u00eb e mundur gjetja e tyre. K\u00ebta shtetas jan\u00eb shpallur n\u00eb k\u00ebrkim. Operacioni vijon n\u00eb terren, ku jan\u00eb p\u00ebrshir\u00eb Forcat Speciale \u201cRENEA\u201d, Forcat Komb\u00ebtare t\u00eb Siguris\u00eb dhe strukturat operacionale t\u00eb Drejtoris\u00eb Vendore t\u00eb Policis\u00eb Lezh\u00eb, me q\u00ebllim lokalizmin dhe kapjen e tyre\u201d,<\/em>&nbsp;shton gjat\u00eb fjal\u00ebs s\u00eb tij, Arben Nasufi.<\/p>\n\n\n\n<p>Nga dinamika e ngjarjes rezulton se automjeti tip \u201cAudi A4\u201d ka mbajtur n\u00eb v\u00ebzhgim l\u00ebvizjen e shtetasit Kreshnik Mujeci. M\u00eb pas, nj\u00eb automjet tjet\u00ebr, tip \u201cVolkswagen\u201d, pa targa, dyshohet se i ka prer\u00eb rrug\u00ebn automjetit me t\u00eb cilin udh\u00ebtonte shtetasi Kreshnik Mujeci, s\u00eb bashku me bashk\u00ebshorten e tij, dhe shtetasit q\u00eb ishin n\u00eb automjet kan\u00eb q\u00eblluar me bresh\u00ebri arm\u00ebsh n\u00eb drejtim t\u00eb automjetit t\u00eb tij.<\/p>\n\n\n\n<p>Klan News ka m\u00ebsuar se Mujeci, s\u00eb bashku me dy v\u00ebllez\u00ebrit e tij, dyshohen p\u00ebr vrasjen e Geg\u00eb M\u00ebhilli, i njohur dhe si Gent M\u00ebhilli, m\u00eb 6 tetor 2016. Ngjarja ndodhi n\u00eb rrug\u00ebn nacionale Shkod\u00ebr-Velipoj\u00eb, pran\u00eb vendit t\u00eb njohur si Mali i Jushit.<\/p>\n\n\n\n<p>Mujeci, s\u00eb bashku me v\u00ebllez\u00ebrit e tij, i kishin prer\u00eb rrug\u00ebn kamionit me t\u00eb cilin M\u00ebhilli transportonte miell. Kur ai braktisi automjetin dhe tentoi t\u00eb largohej p\u00ebrmes fushave, v\u00ebllez\u00ebrit hap\u00ebn zjarr ndaj tij duke e l\u00ebn\u00eb t\u00eb vdekur n\u00eb vend. Shkak p\u00ebr ngjarjen, ishte b\u00ebr\u00eb nj\u00eb konflikt mes viktim\u00ebs dhe v\u00ebllez\u00ebrve nj\u00eb dit\u00eb m\u00eb par\u00eb.<\/p>\n\n\n\n<p>Gjykata e Shkodr\u00ebs e kishte shpallur t\u00eb pafajsh\u00ebm Kreshnik Mujecin dhe v\u00ebllan\u00eb e tij, L.M, p\u00ebr akuz\u00ebn e vrasjes s\u00eb Genc Mhillaj n\u00eb vitin 2016, p\u00ebr shkak t\u00eb munges\u00ebs s\u00eb provave.<\/p>\n\n\n\n<p>Ky vendim \u00ebsht\u00eb mbajtur pas nj\u00eb periudhe gjyq\u00ebsore t\u00eb gjat\u00eb, ku m\u00eb par\u00eb Gjykata e Apelit t\u00eb Shkodr\u00ebs nuk pranoi ankimin e prokuroris\u00eb. Megjithat\u00eb, \u00e7\u00ebshtja u rikthye p\u00ebr rigjykim nga Gjykata e Lart\u00eb m\u00eb 31 tetor 2024.<\/p>\n","protected":false},"excerpt":{"rendered":"<p>Drejtori i Policis\u00eb Lezh\u00eb Arben Nasufi, ka dal\u00eb n\u00eb nj\u00eb konferenc\u00eb p\u00ebr mediat n\u00eb lidhje me&nbsp; zbardhjen e ngjarjes s\u00eb ndodhur dit\u00ebn e djeshme, 26 prill, n\u00eb fshatin Balldren t\u00eb Lezh\u00ebs, ku mbet\u00ebn t\u00eb vrar\u00eb \u00e7ifti i bashk\u00ebshort\u00ebve, Kreshnik dhe Gentjana Mujeci, 39 dhe 32 vje\u00e7e. Gjat\u00eb fjal\u00ebs s\u00eb tij kreu i Policis\u00eb s\u00eb Lezh\u00ebs [&hellip;]<\/p>\n","protected":false},"author":2013,"featured_media":428286,"comment_status":"closed","ping_status":"closed","sticky":false,"template":"","format":"standard","meta":{"footnotes":""},"categories":[241,323,5380,231,235],"tags":[],"class_list":{"0":"post-428285","1":"post","2":"type-post","3":"status-publish","4":"format-standard","5":"has-post-thumbnail","7":"category-aktualitet","8":"category-kronika-e-zeze","9":"category-kryesore","10":"category-lajme","11":"category-vendi"},"_links":{"self":[{"href":"https:\/\/zjarr.tv\/sq\/wp-json\/wp\/v2\/posts\/428285","targetHints":{"allow":["GET"]}}],"collection":[{"href":"https:\/\/zjarr.tv\/sq\/wp-json\/wp\/v2\/posts"}],"about":[{"href":"https:\/\/zjarr.tv\/sq\/wp-json\/wp\/v2\/types\/post"}],"author":[{"embeddable":true,"href":"https:\/\/zjarr.tv\/sq\/wp-json\/wp\/v2\/users\/2013"}],"replies":[{"embeddable":true,"href":"https:\/\/zjarr.tv\/sq\/wp-json\/wp\/v2\/comments?post=428285"}],"version-history":[{"count":1,"href":"https:\/\/zjarr.tv\/sq\/wp-json\/wp\/v2\/posts\/428285\/revisions"}],"predecessor-version":[{"id":428287,"href":"https:\/\/zjarr.tv\/sq\/wp-json\/wp\/v2\/posts\/428285\/revisions\/428287"}],"wp:featuredmedia":[{"embeddable":true,"href":"https:\/\/zjarr.tv\/sq\/wp-json\/wp\/v2\/media\/428286"}],"wp:attachment":[{"href":"https:\/\/zjarr.tv\/sq\/wp-json\/wp\/v2\/media?parent=428285"}],"wp:term":[{"taxonomy":"category","embeddable":true,"href":"https:\/\/zjarr.tv\/sq\/wp-json\/wp\/v2\/categories?post=428285"},{"taxonomy":"post_tag","embeddable":true,"href":"https:\/\/zjarr.tv\/sq\/wp-json\/wp\/v2\/tags?post=428285"}],"curies":[{"name":"wp","href":"https:\/\/api.w.org\/{rel}","templated":true}]}}