{"id":428291,"date":"2026-04-27T13:50:01","date_gmt":"2026-04-27T11:50:01","guid":{"rendered":"https:\/\/zjarr.tv\/?p=428291"},"modified":"2026-04-27T13:50:11","modified_gmt":"2026-04-27T11:50:11","slug":"veliaj-kerkoi-gjyq-live-dumani-sndodh-as-ne-rajon-be-apo-shba","status":"publish","type":"post","link":"https:\/\/zjarr.tv\/sq\/veliaj-kerkoi-gjyq-live-dumani-sndodh-as-ne-rajon-be-apo-shba\/","title":{"rendered":"Veliaj k\u00ebrkoi gjyq live, Dumani: S&#8217;ndodh as n\u00eb rajon, BE apo SHBA"},"content":{"rendered":"\n<p>Debate n\u00eb GJKKO n\u00eb seanc\u00ebn p\u00ebr dosjen Veliaj.&nbsp;N\u00eb procesin ndaj Erion Veliajt n\u00eb GJKKO, avokati Plarent Ndreca i k\u00ebrkon gjykat\u00ebs transmetim Live t\u00eb seanc\u00ebs, nderkohe qe Altin Dumani ka refuzuar prere!<\/p>\n\n\n\n<p>Pjese nga diskutimet:<\/p>\n\n\n\n<p>\u201cNe si organ akuze nuk kemi problem, por transmetimi live mund t\u00eb shqet\u00ebsoj\u00eb procesin. N\u00eb \u00e7\u00ebshtjet penale ku ka d\u00ebshmitar\u00eb, ve\u00e7an\u00ebrisht bashk\u00ebpun\u00ebtor\u00eb t\u00eb drejt\u00ebsis\u00eb, nuk lejohet transmetimi live. Kjo nuk ndodh as n\u00eb rajon, as n\u00eb Evrop\u00eb dhe as n\u00eb gjykatat federale n\u00eb SHBA. Mund t\u00eb lejohen kamera p\u00ebr disa pamje filmike, por d\u00ebshmitar\u00ebt dhe bashk\u00ebpun\u00ebtor\u00ebt nuk mund t\u00eb ekspozohen\u201d, tha Dumani.<\/p>\n\n\n\n<p>Prokurori Ols Dado replikoi me avokatin Plarent Ndreca:<\/p>\n\n\n\n<p>Dado: \u201cPse vet\u00ebm ti do t\u00eb flas\u00ebsh? Prit, se ka k\u00ebrkuar fjal\u00ebn prokurori.\u201d<\/p>\n\n\n\n<p>Nd\u00ebrsa kreu i SPAK, Altin Dumani, u shpreh:<\/p>\n\n\n\n<p>\u201cKemi dy muaj q\u00eb kemi kaluar n\u00eb themel dhe vijojm\u00eb me seancat paraprake. Avokat\u00ebt e Veliajt, n\u00eb m\u00ebnyr\u00eb t\u00eb p\u00ebrs\u00ebritur, paraqesin k\u00ebrkesa artificiale, sipas vler\u00ebsimit ton\u00eb, me q\u00ebllim zgjatjen e shqyrtimit gjyq\u00ebsor.\u201d<\/p>\n\n\n\n<p><a href=\"https:\/\/www.tpz.al\/aktualitet\/hasmeria-djali-i-genc-mhillajt-priti-10-vite-per-te-marre-hakun-e-bab-i320047\"><\/a><\/p>\n","protected":false},"excerpt":{"rendered":"<p>Debate n\u00eb GJKKO n\u00eb seanc\u00ebn p\u00ebr dosjen Veliaj.&nbsp;N\u00eb procesin ndaj Erion Veliajt n\u00eb GJKKO, avokati Plarent Ndreca i k\u00ebrkon gjykat\u00ebs transmetim Live t\u00eb seanc\u00ebs, nderkohe qe Altin Dumani ka refuzuar prere! Pjese nga diskutimet: \u201cNe si organ akuze nuk kemi problem, por transmetimi live mund t\u00eb shqet\u00ebsoj\u00eb procesin. N\u00eb \u00e7\u00ebshtjet penale ku ka d\u00ebshmitar\u00eb, ve\u00e7an\u00ebrisht [&hellip;]<\/p>\n","protected":false},"author":2013,"featured_media":428292,"comment_status":"closed","ping_status":"closed","sticky":false,"template":"","format":"standard","meta":{"footnotes":""},"categories":[241,5380,231,1454,235],"tags":[],"class_list":{"0":"post-428291","1":"post","2":"type-post","3":"status-publish","4":"format-standard","5":"has-post-thumbnail","7":"category-aktualitet","8":"category-kryesore","9":"category-lajme","10":"category-politike","11":"category-vendi"},"_links":{"self":[{"href":"https:\/\/zjarr.tv\/sq\/wp-json\/wp\/v2\/posts\/428291","targetHints":{"allow":["GET"]}}],"collection":[{"href":"https:\/\/zjarr.tv\/sq\/wp-json\/wp\/v2\/posts"}],"about":[{"href":"https:\/\/zjarr.tv\/sq\/wp-json\/wp\/v2\/types\/post"}],"author":[{"embeddable":true,"href":"https:\/\/zjarr.tv\/sq\/wp-json\/wp\/v2\/users\/2013"}],"replies":[{"embeddable":true,"href":"https:\/\/zjarr.tv\/sq\/wp-json\/wp\/v2\/comments?post=428291"}],"version-history":[{"count":1,"href":"https:\/\/zjarr.tv\/sq\/wp-json\/wp\/v2\/posts\/428291\/revisions"}],"predecessor-version":[{"id":428293,"href":"https:\/\/zjarr.tv\/sq\/wp-json\/wp\/v2\/posts\/428291\/revisions\/428293"}],"wp:featuredmedia":[{"embeddable":true,"href":"https:\/\/zjarr.tv\/sq\/wp-json\/wp\/v2\/media\/428292"}],"wp:attachment":[{"href":"https:\/\/zjarr.tv\/sq\/wp-json\/wp\/v2\/media?parent=428291"}],"wp:term":[{"taxonomy":"category","embeddable":true,"href":"https:\/\/zjarr.tv\/sq\/wp-json\/wp\/v2\/categories?post=428291"},{"taxonomy":"post_tag","embeddable":true,"href":"https:\/\/zjarr.tv\/sq\/wp-json\/wp\/v2\/tags?post=428291"}],"curies":[{"name":"wp","href":"https:\/\/api.w.org\/{rel}","templated":true}]}}