{"id":428294,"date":"2026-04-27T14:24:19","date_gmt":"2026-04-27T12:24:19","guid":{"rendered":"https:\/\/zjarr.tv\/?p=428294"},"modified":"2026-04-27T14:24:21","modified_gmt":"2026-04-27T12:24:21","slug":"pse-gjyqet-politike-duhet-te-jene-me-kamera","status":"publish","type":"post","link":"https:\/\/zjarr.tv\/sq\/pse-gjyqet-politike-duhet-te-jene-me-kamera\/","title":{"rendered":"Pse \u201cgjyqet politike\u201d duhet t\u00eb jen\u00eb me kamera"},"content":{"rendered":"\n<p>Nga Andi Bushati<\/p>\n\n\n\n<p>Pas nj\u00eb p\u00ebriudhe t\u00eb gjat\u00eb lavdie t\u00eb mveshur me frazat standarte se po i jep fund pand\u00ebshkueshm\u00ebris\u00eb, se po pastron klas\u00ebn e vjet\u00ebr politike, se po hap nj\u00eb periudh\u00eb t\u00eb re n\u00eb historin\u00eb e vendit, SPAK do t\u00eb p\u00ebrballet k\u00ebto dit\u00eb p\u00ebrpara gjykat\u00ebs me dosjet m\u00eb t\u00eb m\u00ebdha t\u00eb akuzave q\u00eb ka ngritur, ato kund\u00ebr Met\u00ebs, Veliajt dhe Berish\u00ebs.<\/p>\n\n\n\n<p>Ngritja e siparit p\u00ebr gjyqet e tyre t\u00eb themelit ku do t\u00eb marr\u00eb fund retorika dhe do diskutohet kryesisht p\u00ebr provat, po shoq\u00ebrohet me nj\u00eb debat t\u00eb ri: k\u00ebrkes\u00ebn konstante t\u00eb t\u00eb akuzuarve se proceset duhet t\u00eb zhvillohen me pranin\u00eb e kamerave dhe gjith\u00e7ka t\u00eb transmetohet live.<\/p>\n\n\n\n<p>N\u00eb pamje t\u00eb par\u00eb nj\u00eb k\u00ebrkes\u00eb e till\u00eb mund t\u00eb duket e diskutueshme. Shum\u00eb vende demokratike nuk e lejojn\u00eb nj\u00eb praktik\u00eb t\u00eb till\u00eb. Sidomos kur \u00ebsht\u00eb fjala p\u00ebr figura me impakt t\u00eb lart\u00eb publik dhe me ndikim n\u00eb opinion, ekziston frika e shkat\u00ebrrimit t\u00eb solemnitetit gjyq\u00ebsor dhe shnd\u00ebrrimi i bank\u00ebs t\u00eb t\u00eb akuzuarit, n\u00eb nj\u00eb tribun\u00eb spektakli politik.<\/p>\n\n\n\n<p>Por, pavar\u00ebsisht k\u00ebtyre risqeve nuk ka dyshim se plot\u00ebsimi i k\u00ebrkes\u00ebs s\u00eb k\u00ebtyre t\u00eb akuzuarve VIP duhet t\u00eb plot\u00ebsohet pasi ai \u00ebsht\u00eb n\u00eb t\u00eb mir\u00eb t\u00eb intersit publik. S\u00eb pari, ligji shqiptar nuk e ndalon transmetimin live t\u00eb proceseve. Nj\u00eb shembull i mir\u00eb, nga t\u00eb rrall\u00ebt q\u00eb mund ti p\u00ebrmendet Gjykat\u00ebs Kushtetuese, ishte rasti i diskutimit te mandatit si kryebashkiak t\u00eb Erion Veliajt, ku gjykimi u transmetua drejtp\u00ebrdrejt\u00eb duke i dh\u00ebn\u00eb prioritet parimit t\u00eb transparenc\u00ebs. S\u00eb dyti, kjo transparenc\u00eb \u00ebsht\u00eb gati e detyrueshme n\u00eb kuad\u00ebr t\u00eb polemikave q\u00eb kan\u00eb shoq\u00ebruar \u201cdrejt\u00ebsin\u00eb e re\u201d, q\u00eb kur ka filluar t\u00eb merret me politikan\u00ebt e lart\u00eb. Ajo \u00ebsht\u00eb akuzuar p\u00ebr metoda represive, p\u00ebr intimidim d\u00ebshmitar\u00ebsh, p\u00ebr p\u00ebrzgjedhje selektive t\u00eb fakteve. N\u00ebse v\u00ebrtet m\u00ebtohet q\u00eb n\u00eb k\u00ebto procese t\u00eb ruhet, ajo sa ka mbetur nga besueshm\u00ebria e reform\u00ebs, at\u00ebher\u00eb dyert duhet t\u00eb jen\u00eb t\u00eb hapura p\u00ebr tu d\u00ebgjuar argumentet e t\u00eb gjitha pal\u00ebve. N\u00ebse publiku do t\u00eb bindej nga ballafaqimi mes argumentave t\u00eb SAPK dhe t\u00eb akuzuarve t\u00eb tij, n\u00ebse ai do e pranonte si t\u00eb drejt\u00eb dhe t\u00eb paansh\u00ebm verdiktin e GJKKO-s\u00eb, at\u00ebhere nj\u00eb pjes\u00eb e kritikave kundrejt prokuror\u00ebve dhe gjykjat\u00ebsve special do t\u00eb fashiteshin.<\/p>\n\n\n\n<p>Por, ka edhe nj\u00eb arsye tjet\u00ebr, ndoshta m\u00eb kryesorja, se p\u00ebrse k\u00ebto seanca gjyq\u00ebsore duhet t\u00eb transmetohen live. N\u00eb t\u00eb vetmin proces politik t\u00eb deritanish\u00ebm, n\u00eb t\u00eb parin ku \u00ebsht\u00eb arritur t\u00eb merret nj\u00eb vendim i form\u00ebs s\u00eb prer\u00eb, ai kund\u00ebr Fredi Belerit, drejt\u00ebsia jon\u00eb ka prodhuar nj\u00eb skandal. N\u00eb k\u00ebt\u00eb fars\u00eb t\u00eb nxitur nga Edi Rama, p\u00ebr ti marr\u00eb opozit\u00ebs edhe nj\u00eb nga shtat\u00eb bashkit\u00eb q\u00eb pati fituar, drejt\u00ebsia jon\u00eb e re prodhoi nj\u00eb kopje t\u00eb proceseve t\u00eb koh\u00ebve m\u00eb t\u00eb err\u00ebta t\u00eb diktatur\u00ebs. Duke servirur dhe pranuar d\u00ebshmitar\u00eb t\u00eb rrem\u00eb, t\u00eb paguar si spiun\u00eb policie; duke servirur dhe pranuar procesverbale t\u00eb falcifikuara p\u00ebrgjimesh; duke servirur dhe pranuar prova t\u00eb marra ilegalisht; duke servirur dhe pranuar para blerjesh votash q\u00eb s\u2019mbanin gjurm\u00ebt e gishtave t\u00eb t\u00eb akuzuarve, madje duke mos lejuar as nj\u00eb gje bazike n\u00eb nj\u00eb proces, si ballafaqimi i d\u00ebshmitar\u00ebve p\u00ebr t\u00eb nxjerr\u00eb n\u00eb pah t\u00eb v\u00ebrtet\u00ebn, SPAK dhe GJKKO u b\u00ebn\u00eb pjes\u00eb t\u00eb nj\u00eb farse kriminale, ku drejt\u00ebsia p\u00ebrdoret si arm\u00eb politike. Dhe e gjitha kjo u zhvillua pas dyerve t\u00eb mbyllura q\u00eb i mund\u00ebsuan maskarenjve me flamuj nacionalist t\u00eb fshihnin debatin real p\u00ebr faktet dhe provat.<\/p>\n\n\n\n<p>Pas k\u00ebtij d\u00ebshtimi kolosal, organet e reja t\u00eb drejt\u00ebsis\u00eb nuk e kan\u00eb m\u00eb luksin t\u00eb k\u00ebrkojn\u00eb nj\u00eb besim t\u00eb dyt\u00eb, duke u fshehur pas parimit t\u00eb solemnitetit gjyq\u00ebsor. Ata duhet t\u00eb hapin p\u00ebr t\u00eb gjith\u00eb dyert e proceseve ku do gjykohen Ilir Meta, Erion Veliaj dhe Sali Berisha.<\/p>\n\n\n\n<p>Q\u00eb farsa ndaj \u201cgrekut t\u00eb posht\u00ebr\u201d mos p\u00ebrs\u00ebritet edhe mbi shqiptar\u00ebt, q\u00eb pandehma e predikuar nga ish kreu i SPAK, se gjykata i bindet verb\u00ebrisht ekipit t\u00eb tij, t\u00eb mos b\u00ebhet rrug\u00eb, q\u00eb e v\u00ebrteta t\u00eb mos jet\u00eb monopol i papagall\u00ebve t\u00eb prokuror\u00ebve special\u00eb, e mira publike k\u00ebrkon transparenc\u00eb. Dhjetra mijra votues q\u00eb i kan\u00eb dh\u00ebn\u00eb besim atyre q\u00eb do paraqiten n\u00eb bank\u00ebn e t\u00eb akuzuarve, kan\u00eb t\u00eb drejt\u00eb t\u00eb din\u00eb n\u00ebse t\u00eb p\u00ebrzgjedhurit e tyre politik\u00eb po nd\u00ebshkohen ose jo n\u00eb baz\u00eb t\u00eb provave dhe jo n\u00eb em\u00ebr t\u00eb nj\u00eb \u201crrevolucioni\u201d me kostum euroatlantik, q\u00eb m\u00ebton t\u00eb p\u00ebrdor\u00eb drejt\u00ebsin\u00eb p\u00ebr t\u00eb ndryshuar klas\u00ebn politike. Prandaj SPAK dhe GJKKO duhet ti pranojn\u00eb k\u00ebrkesat e t\u00eb paraburgosurve prej tyre. Ky \u00ebsht\u00eb shansi i fundit p\u00ebr t\u00eb bindur publikun se k\u00ebta gjykat\u00ebs dhe prokuror\u00eb e kan\u00eb aft\u00ebsin\u00eb dhe ndershm\u00ebrin\u00eb e nevojshme p\u00ebr t\u00eb qen\u00eb n\u00eb nivelin e sfid\u00ebs q\u00eb kan\u00eb marr\u00eb mbi vete.\/Lapsi.al&nbsp;<\/p>\n","protected":false},"excerpt":{"rendered":"<p>Nga Andi Bushati Pas nj\u00eb p\u00ebriudhe t\u00eb gjat\u00eb lavdie t\u00eb mveshur me frazat standarte se po i jep fund pand\u00ebshkueshm\u00ebris\u00eb, se po pastron klas\u00ebn e vjet\u00ebr politike, se po hap nj\u00eb periudh\u00eb t\u00eb re n\u00eb historin\u00eb e vendit, SPAK do t\u00eb p\u00ebrballet k\u00ebto dit\u00eb p\u00ebrpara gjykat\u00ebs me dosjet m\u00eb t\u00eb m\u00ebdha t\u00eb akuzave q\u00eb ka [&hellip;]<\/p>\n","protected":false},"author":2013,"featured_media":428295,"comment_status":"closed","ping_status":"closed","sticky":false,"template":"","format":"standard","meta":{"footnotes":""},"categories":[241,5380,231,1454,235],"tags":[],"class_list":{"0":"post-428294","1":"post","2":"type-post","3":"status-publish","4":"format-standard","5":"has-post-thumbnail","7":"category-aktualitet","8":"category-kryesore","9":"category-lajme","10":"category-politike","11":"category-vendi"},"_links":{"self":[{"href":"https:\/\/zjarr.tv\/sq\/wp-json\/wp\/v2\/posts\/428294","targetHints":{"allow":["GET"]}}],"collection":[{"href":"https:\/\/zjarr.tv\/sq\/wp-json\/wp\/v2\/posts"}],"about":[{"href":"https:\/\/zjarr.tv\/sq\/wp-json\/wp\/v2\/types\/post"}],"author":[{"embeddable":true,"href":"https:\/\/zjarr.tv\/sq\/wp-json\/wp\/v2\/users\/2013"}],"replies":[{"embeddable":true,"href":"https:\/\/zjarr.tv\/sq\/wp-json\/wp\/v2\/comments?post=428294"}],"version-history":[{"count":1,"href":"https:\/\/zjarr.tv\/sq\/wp-json\/wp\/v2\/posts\/428294\/revisions"}],"predecessor-version":[{"id":428296,"href":"https:\/\/zjarr.tv\/sq\/wp-json\/wp\/v2\/posts\/428294\/revisions\/428296"}],"wp:featuredmedia":[{"embeddable":true,"href":"https:\/\/zjarr.tv\/sq\/wp-json\/wp\/v2\/media\/428295"}],"wp:attachment":[{"href":"https:\/\/zjarr.tv\/sq\/wp-json\/wp\/v2\/media?parent=428294"}],"wp:term":[{"taxonomy":"category","embeddable":true,"href":"https:\/\/zjarr.tv\/sq\/wp-json\/wp\/v2\/categories?post=428294"},{"taxonomy":"post_tag","embeddable":true,"href":"https:\/\/zjarr.tv\/sq\/wp-json\/wp\/v2\/tags?post=428294"}],"curies":[{"name":"wp","href":"https:\/\/api.w.org\/{rel}","templated":true}]}}