{"id":428297,"date":"2026-04-27T15:06:44","date_gmt":"2026-04-27T13:06:44","guid":{"rendered":"https:\/\/zjarr.tv\/?p=428297"},"modified":"2026-04-27T15:06:46","modified_gmt":"2026-04-27T13:06:46","slug":"perfundon-mbledhja-e-ps-zbardhen-porosite-e-rames","status":"publish","type":"post","link":"https:\/\/zjarr.tv\/sq\/perfundon-mbledhja-e-ps-zbardhen-porosite-e-rames\/","title":{"rendered":"P\u00ebrfundon mbledhja e PS, zbardhen porosit\u00eb e Ram\u00ebs"},"content":{"rendered":"\n<p>Ka p\u00ebrfunduar mbledhja e zgjeruar e grupit parlamentar t\u00eb Partis\u00eb Socialiste, e zhvilluar me pjes\u00ebmarrjen e ministrave t\u00eb kabinetit qeveritar.<\/p>\n\n\n\n<p>Gjat\u00eb diskutimeve, kryeministri Edi Rama ka k\u00ebrkuar rritjen e angazhimit n\u00eb terren, me fokus te komunikimi i drejtp\u00ebrdrejt\u00eb me qytetar\u00ebt lidhur me procesin e integrimit n\u00eb Bashkimin Evropian.<\/p>\n\n\n\n<p>Ai theksoi nevoj\u00ebn p\u00ebr intensifikimin e takimeve, por edhe p\u00ebr p\u00ebrforcimin e mesazheve n\u00eb rrjetet sociale.<\/p>\n\n\n\n<p>Sipas Ram\u00ebs, v\u00ebmendja duhet t\u00eb p\u00ebrqendrohet ve\u00e7an\u00ebrisht te \u00e7\u00ebshtjet q\u00eb lidhen drejtp\u00ebrdrejt me sfidat e integrimit, duke ve\u00e7uar sigurin\u00eb ushqimore si nj\u00eb nga prioritetet kryesore.<\/p>\n\n\n\n<p>N\u00eb fjal\u00ebn e tij, kryeministri u ndal gjithashtu te nevoja p\u00ebr rienergjizimin e an\u00ebtar\u00ebsis\u00eb s\u00eb Partis\u00eb Socialiste, duke k\u00ebrkuar nj\u00eb rol m\u00eb aktiv t\u00eb strukturave n\u00eb funksion t\u00eb objektivave politike dhe integruese t\u00eb vendit.<\/p>\n","protected":false},"excerpt":{"rendered":"<p>Ka p\u00ebrfunduar mbledhja e zgjeruar e grupit parlamentar t\u00eb Partis\u00eb Socialiste, e zhvilluar me pjes\u00ebmarrjen e ministrave t\u00eb kabinetit qeveritar. Gjat\u00eb diskutimeve, kryeministri Edi Rama ka k\u00ebrkuar rritjen e angazhimit n\u00eb terren, me fokus te komunikimi i drejtp\u00ebrdrejt\u00eb me qytetar\u00ebt lidhur me procesin e integrimit n\u00eb Bashkimin Evropian. Ai theksoi nevoj\u00ebn p\u00ebr intensifikimin e takimeve, [&hellip;]<\/p>\n","protected":false},"author":2013,"featured_media":428298,"comment_status":"closed","ping_status":"closed","sticky":false,"template":"","format":"standard","meta":{"footnotes":""},"categories":[241,5380,231,1454,235],"tags":[],"class_list":{"0":"post-428297","1":"post","2":"type-post","3":"status-publish","4":"format-standard","5":"has-post-thumbnail","7":"category-aktualitet","8":"category-kryesore","9":"category-lajme","10":"category-politike","11":"category-vendi"},"_links":{"self":[{"href":"https:\/\/zjarr.tv\/sq\/wp-json\/wp\/v2\/posts\/428297","targetHints":{"allow":["GET"]}}],"collection":[{"href":"https:\/\/zjarr.tv\/sq\/wp-json\/wp\/v2\/posts"}],"about":[{"href":"https:\/\/zjarr.tv\/sq\/wp-json\/wp\/v2\/types\/post"}],"author":[{"embeddable":true,"href":"https:\/\/zjarr.tv\/sq\/wp-json\/wp\/v2\/users\/2013"}],"replies":[{"embeddable":true,"href":"https:\/\/zjarr.tv\/sq\/wp-json\/wp\/v2\/comments?post=428297"}],"version-history":[{"count":1,"href":"https:\/\/zjarr.tv\/sq\/wp-json\/wp\/v2\/posts\/428297\/revisions"}],"predecessor-version":[{"id":428299,"href":"https:\/\/zjarr.tv\/sq\/wp-json\/wp\/v2\/posts\/428297\/revisions\/428299"}],"wp:featuredmedia":[{"embeddable":true,"href":"https:\/\/zjarr.tv\/sq\/wp-json\/wp\/v2\/media\/428298"}],"wp:attachment":[{"href":"https:\/\/zjarr.tv\/sq\/wp-json\/wp\/v2\/media?parent=428297"}],"wp:term":[{"taxonomy":"category","embeddable":true,"href":"https:\/\/zjarr.tv\/sq\/wp-json\/wp\/v2\/categories?post=428297"},{"taxonomy":"post_tag","embeddable":true,"href":"https:\/\/zjarr.tv\/sq\/wp-json\/wp\/v2\/tags?post=428297"}],"curies":[{"name":"wp","href":"https:\/\/api.w.org\/{rel}","templated":true}]}}