{"id":428315,"date":"2026-04-28T11:29:56","date_gmt":"2026-04-28T09:29:56","guid":{"rendered":"https:\/\/zjarr.tv\/?p=428315"},"modified":"2026-04-28T11:29:58","modified_gmt":"2026-04-28T09:29:58","slug":"arrestohet-ne-brazil-ervin-mata","status":"publish","type":"post","link":"https:\/\/zjarr.tv\/sq\/arrestohet-ne-brazil-ervin-mata\/","title":{"rendered":"Arrestohet n\u00eb Brazil Ervin Mata"},"content":{"rendered":"\n<p>Arrestohet n\u00eb Brazil i shum\u00ebk\u00ebrkuari nga drejt\u00ebsia shqiptare, Ervin Mata. Policia e Shtetit b\u00ebn t\u00eb ditur se 39-vje\u00e7ari Mata u kap nga autoritetet braziliane n\u00eb qytetin e IlhaBela t\u00eb Sao Paolos. Ai kishte n\u00eb p\u00ebrdorim dokumente identifikimi angleze, t\u00eb falsifikuara. Mediat braziliane raportojn\u00eb se arrestimi i tij u krye te shtun\u00ebn n\u00eb nj\u00eb lokal nga policia federale dhe ajo ushtarake, sipas nj\u00eb urdh\u00ebri t\u00eb l\u00ebshuar qe nga shtatori i vitit t\u00eb kaluar. Ndon\u00ebse nuk b\u00ebri ndonj\u00eb rezistenc\u00eb, ai tentoi t\u00eb paraqitej si shtetas paraguajan. <\/p>\n\n\n\n<p>Mata, sipas policis\u00eb, akuzohet se koordinoi pjes\u00ebtar\u00ebt e grupit kriminal ku b\u00ebnte pjes\u00eb p\u00ebr trafikimin e 240 kilogram\u00ebve kokain\u00eb n\u00eb shtator t\u00eb vitit 2020 nga Amerika Latine drejt vendeve t\u00eb Europ\u00ebs. Gjykata e Posa\u00e7me e Shkall\u00ebs s\u00eb Par\u00eb i ka caktuar mas\u00ebn e siguris\u00eb \u201cArrest n\u00eb burg\u201d, p\u00ebr veprat penale \u201cTrafikimi i l\u00ebnd\u00ebve narkotike\u201d, kryer n\u00eb kuad\u00ebr t\u00eb grupit t\u00eb strukturuar kriminal, dhe \u201cKryerja e veprave penale nga organizata kriminale dhe grupi i strukturuar kriminal\u201d. Sipas hetimeve, grupi akuzohet gjithashtu p\u00ebr pastrim parash dhe sigurim kushtesh p\u00ebr kryerjen e vrasjeve. <\/p>\n\n\n\n<p>Emri i Ervin Mat\u00ebs doli dhe n\u00eb ngjarjen e ndodhur n\u00eb vitin 2018 n\u00eb ish Bllok, ku pas nj\u00eb sherri mes disa personave, n\u00eb mesin e te cil\u00ebve ishte dhe Ervis Martinaj, mbeti i vrar\u00eb Fabian Gaxha. Policia shqiptare b\u00ebn ditur se po bashk\u00ebpunon me Interpolin n\u00eb Brazil, me q\u00ebllim ekstradimin e Matajt n\u00eb vendin ton\u00eb.<\/p>\n","protected":false},"excerpt":{"rendered":"<p>Arrestohet n\u00eb Brazil i shum\u00ebk\u00ebrkuari nga drejt\u00ebsia shqiptare, Ervin Mata. Policia e Shtetit b\u00ebn t\u00eb ditur se 39-vje\u00e7ari Mata u kap nga autoritetet braziliane n\u00eb qytetin e IlhaBela t\u00eb Sao Paolos. Ai kishte n\u00eb p\u00ebrdorim dokumente identifikimi angleze, t\u00eb falsifikuara. Mediat braziliane raportojn\u00eb se arrestimi i tij u krye te shtun\u00ebn n\u00eb nj\u00eb lokal nga [&hellip;]<\/p>\n","protected":false},"author":2013,"featured_media":428316,"comment_status":"closed","ping_status":"closed","sticky":false,"template":"","format":"standard","meta":{"footnotes":""},"categories":[241,323,5380,231,235],"tags":[],"class_list":{"0":"post-428315","1":"post","2":"type-post","3":"status-publish","4":"format-standard","5":"has-post-thumbnail","7":"category-aktualitet","8":"category-kronika-e-zeze","9":"category-kryesore","10":"category-lajme","11":"category-vendi"},"_links":{"self":[{"href":"https:\/\/zjarr.tv\/sq\/wp-json\/wp\/v2\/posts\/428315","targetHints":{"allow":["GET"]}}],"collection":[{"href":"https:\/\/zjarr.tv\/sq\/wp-json\/wp\/v2\/posts"}],"about":[{"href":"https:\/\/zjarr.tv\/sq\/wp-json\/wp\/v2\/types\/post"}],"author":[{"embeddable":true,"href":"https:\/\/zjarr.tv\/sq\/wp-json\/wp\/v2\/users\/2013"}],"replies":[{"embeddable":true,"href":"https:\/\/zjarr.tv\/sq\/wp-json\/wp\/v2\/comments?post=428315"}],"version-history":[{"count":1,"href":"https:\/\/zjarr.tv\/sq\/wp-json\/wp\/v2\/posts\/428315\/revisions"}],"predecessor-version":[{"id":428317,"href":"https:\/\/zjarr.tv\/sq\/wp-json\/wp\/v2\/posts\/428315\/revisions\/428317"}],"wp:featuredmedia":[{"embeddable":true,"href":"https:\/\/zjarr.tv\/sq\/wp-json\/wp\/v2\/media\/428316"}],"wp:attachment":[{"href":"https:\/\/zjarr.tv\/sq\/wp-json\/wp\/v2\/media?parent=428315"}],"wp:term":[{"taxonomy":"category","embeddable":true,"href":"https:\/\/zjarr.tv\/sq\/wp-json\/wp\/v2\/categories?post=428315"},{"taxonomy":"post_tag","embeddable":true,"href":"https:\/\/zjarr.tv\/sq\/wp-json\/wp\/v2\/tags?post=428315"}],"curies":[{"name":"wp","href":"https:\/\/api.w.org\/{rel}","templated":true}]}}