{"id":428318,"date":"2026-04-28T11:54:23","date_gmt":"2026-04-28T09:54:23","guid":{"rendered":"https:\/\/zjarr.tv\/?p=428318"},"modified":"2026-04-28T11:54:26","modified_gmt":"2026-04-28T09:54:26","slug":"mungoi-ne-seance-per-shkak-te-nderhyrjes-kirurgjikale-avokati-zbulon-gjendjen-shendetesore-te-veliajt","status":"publish","type":"post","link":"https:\/\/zjarr.tv\/sq\/mungoi-ne-seance-per-shkak-te-nderhyrjes-kirurgjikale-avokati-zbulon-gjendjen-shendetesore-te-veliajt\/","title":{"rendered":"Mungoi n\u00eb seanc\u00eb p\u00ebr shkak t\u00eb nd\u00ebrhyrjes kirurgjikale? Avokati zbulon gjendjen sh\u00ebndet\u00ebsore t\u00eb Veliajt"},"content":{"rendered":"\n<p>Avokati Plarent Ndreca ka komentuar vendimin e Gjykat\u00ebs s\u00eb Posa\u00e7me kund\u00ebr Korrupsionit dhe Krimit t\u00eb Organizuar (GJKKO), e cila rr\u00ebzoi k\u00ebrkes\u00ebn q\u00eb kryebashkiaku i Tiran\u00ebs, Erion Veliaj, t\u00eb mos q\u00ebndroj\u00eb n\u00eb kafaz gjat\u00eb seancave gjyq\u00ebsore.<\/p>\n\n\n\n<p>Teksa foli n\u00eb News24 p\u00ebr munges\u00ebn e tij n\u00eb seanc\u00eb, Ndreca theksoi se ai nuk ishte i pranish\u00ebm p\u00ebr shkak se nuk i lejohet t\u00eb jet\u00eb krah avokatit dhe se kjo nuk ka lidhje me nd\u00ebrhyrjen mjek\u00ebsore q\u00eb Veliaj ka kryer pak dit\u00eb m\u00eb par\u00eb.<\/p>\n\n\n\n<p>I pyetur mbi nd\u00ebrhyrjen kirurgjikale t\u00eb Erion Veliajt, Ndreca sqaroi se b\u00ebhet fjal\u00eb p\u00ebr nj\u00eb nd\u00ebrhyrje dermatologjike.<\/p>\n\n\n\n<p><strong>Ndreca:<\/strong>\u00a0Mungesa e tij nuk ka lidhje me nd\u00ebrhyrjen, por prezenca e tij duhet t\u00eb jet\u00eb krah avokatit t\u00eb tij p\u00ebr t\u00eb realizuar nj\u00eb mbrojtje efektive, dinamike, si\u00e7 parashikohet nga Konventa Evropiane e t\u00eb Drejtave t\u00eb Njeriut. Nuk mund t\u00eb trajtohet me nj\u00eb kufizim q\u00eb i kufizon t\u00eb b\u00ebj\u00eb nj\u00eb mbrojtje efektive.<\/p>\n\n\n\n<p>\u00cbsht\u00eb b\u00ebr\u00eb e qart\u00eb edhe nga vendimmarrje t\u00eb tjera se kafazi prej xhami nuk \u00ebsht\u00eb rregull, \u00ebsht\u00eb p\u00ebrjashtim, kur masat e siguris\u00eb e imponojn\u00eb prezenc\u00ebn brenda kafazit prej xhami, por mesa duket, kafazi prej xhami p\u00ebrdoret p\u00ebr t\u00eb diskriminuar pozicionin e barabart\u00eb referuar Kushtetut\u00ebs q\u00eb duhet t\u00eb ket\u00eb personi n\u00ebn akuz\u00eb q\u00eb \u00ebsht\u00eb i pafajsh\u00ebm dhe prezumohet si i till\u00eb.<\/p>\n\n\n\n<p><strong>Pyetje:<\/strong>&nbsp;Pse u operua Veliaj?<\/p>\n\n\n\n<p><strong>Ndreca:<\/strong>&nbsp;Ishte nj\u00eb nd\u00ebrhyrje q\u00eb lidhet me l\u00ebkur\u00ebn e tij, pra nj\u00eb nd\u00ebrhyrje q\u00eb ka t\u00eb b\u00ebj\u00eb me l\u00ebkur\u00ebn, pu\u00e7rra si\u00e7 i themi ne, se nuk e di n\u00eb terma mjek\u00ebsor\u00eb. Nuk \u00ebsht\u00eb e rrezikshme.<\/p>\n","protected":false},"excerpt":{"rendered":"<p>Avokati Plarent Ndreca ka komentuar vendimin e Gjykat\u00ebs s\u00eb Posa\u00e7me kund\u00ebr Korrupsionit dhe Krimit t\u00eb Organizuar (GJKKO), e cila rr\u00ebzoi k\u00ebrkes\u00ebn q\u00eb kryebashkiaku i Tiran\u00ebs, Erion Veliaj, t\u00eb mos q\u00ebndroj\u00eb n\u00eb kafaz gjat\u00eb seancave gjyq\u00ebsore. Teksa foli n\u00eb News24 p\u00ebr munges\u00ebn e tij n\u00eb seanc\u00eb, Ndreca theksoi se ai nuk ishte i pranish\u00ebm p\u00ebr shkak [&hellip;]<\/p>\n","protected":false},"author":2013,"featured_media":428319,"comment_status":"closed","ping_status":"closed","sticky":false,"template":"","format":"standard","meta":{"footnotes":""},"categories":[241,364,5380,231,1454,235],"tags":[],"class_list":{"0":"post-428318","1":"post","2":"type-post","3":"status-publish","4":"format-standard","5":"has-post-thumbnail","7":"category-aktualitet","8":"category-koment-opinion","9":"category-kryesore","10":"category-lajme","11":"category-politike","12":"category-vendi"},"_links":{"self":[{"href":"https:\/\/zjarr.tv\/sq\/wp-json\/wp\/v2\/posts\/428318","targetHints":{"allow":["GET"]}}],"collection":[{"href":"https:\/\/zjarr.tv\/sq\/wp-json\/wp\/v2\/posts"}],"about":[{"href":"https:\/\/zjarr.tv\/sq\/wp-json\/wp\/v2\/types\/post"}],"author":[{"embeddable":true,"href":"https:\/\/zjarr.tv\/sq\/wp-json\/wp\/v2\/users\/2013"}],"replies":[{"embeddable":true,"href":"https:\/\/zjarr.tv\/sq\/wp-json\/wp\/v2\/comments?post=428318"}],"version-history":[{"count":1,"href":"https:\/\/zjarr.tv\/sq\/wp-json\/wp\/v2\/posts\/428318\/revisions"}],"predecessor-version":[{"id":428320,"href":"https:\/\/zjarr.tv\/sq\/wp-json\/wp\/v2\/posts\/428318\/revisions\/428320"}],"wp:featuredmedia":[{"embeddable":true,"href":"https:\/\/zjarr.tv\/sq\/wp-json\/wp\/v2\/media\/428319"}],"wp:attachment":[{"href":"https:\/\/zjarr.tv\/sq\/wp-json\/wp\/v2\/media?parent=428318"}],"wp:term":[{"taxonomy":"category","embeddable":true,"href":"https:\/\/zjarr.tv\/sq\/wp-json\/wp\/v2\/categories?post=428318"},{"taxonomy":"post_tag","embeddable":true,"href":"https:\/\/zjarr.tv\/sq\/wp-json\/wp\/v2\/tags?post=428318"}],"curies":[{"name":"wp","href":"https:\/\/api.w.org\/{rel}","templated":true}]}}