{"id":428333,"date":"2026-04-29T10:34:39","date_gmt":"2026-04-29T08:34:39","guid":{"rendered":"https:\/\/zjarr.tv\/?p=428333"},"modified":"2026-04-29T10:34:41","modified_gmt":"2026-04-29T08:34:41","slug":"nuk-u-arrit-marreveshje-mes-partive-politike-per-zgjedhjen-e-presidentit-te-ri-kosova-shkon-ne-zgjedhje-te-parakohshme","status":"publish","type":"post","link":"https:\/\/zjarr.tv\/sq\/nuk-u-arrit-marreveshje-mes-partive-politike-per-zgjedhjen-e-presidentit-te-ri-kosova-shkon-ne-zgjedhje-te-parakohshme\/","title":{"rendered":"Nuk u arrit marr\u00ebveshje mes partive politike p\u00ebr zgjedhjen e Presidentit t\u00eb ri, Kosova shkon n\u00eb zgjedhje t\u00eb parakohshme"},"content":{"rendered":"\n<p>Deputet\u00ebt e Kuvendit t\u00eb Kosov\u00ebs kan\u00eb d\u00ebshtuar q\u00eb t\u00eb zgjedhin presidentin e ri brenda afatit kushtetues, duke b\u00ebr\u00eb q\u00eb Kuvendi t\u00eb shp\u00ebrndahet dhe vendi t\u00eb shkoj\u00eb n\u00eb zgjedhje.<\/p>\n\n\n\n<p>\u201cSipas aktgjykimit, Kuvendi konsiderohet i shp\u00ebrndar\u00eb\u201d, tha kryeparlamentarja Albulena Haxhiu, n\u00eb fund t\u00eb seanc\u00ebs, fiks n\u00eb or\u00ebn 00:00.<\/p>\n\n\n\n<p>N\u00eb seanc\u00ebn e 28 prillit nuk mor\u00ebn pjes\u00eb deputet\u00ebt e opozit\u00ebs, duke pamund\u00ebsuar kuorumin p\u00ebr dy kandidatet e LVV-s\u00eb p\u00ebr presidente: Feride Rushiti dhe Hatixhe Hoxha.<\/p>\n\n\n\n<p>Sipas aktgjykimit t\u00eb Gjykat\u00ebs Kushtetuese t\u00eb 25 marsit, pas d\u00ebshtimit t\u00eb zgjedhjes s\u00eb presidentit, Kuvendi shp\u00ebrndahet dhe vendi duhet t\u00eb organizoj\u00eb zgjedhje t\u00eb reja brenda 45 dit\u00ebsh.<\/p>\n\n\n\n<p>N\u00eb fjalimin e mbajtur n\u00eb Kuvend, Kryeministri i Kosov\u00ebs, Albin Kurti, tha se partit\u00eb opozitare n\u00eb Kosov\u00eb jan\u00eb n\u00eb r\u00ebnie t\u00eb lir\u00eb dhe me \u00e7do proces zgjedhor vet\u00ebm sa po bien m\u00eb tep\u00ebr.<\/p>\n\n\n\n<p>Ai ka shtoi se Kosov\u00ebs i duhet nj\u00eb opozit\u00eb e re p\u00ebr t\u00eb pasur presidente t\u00eb re.<strong>\u00a0<\/strong>\u201cOpozita \u00ebsht\u00eb e vjet\u00ebr. Kjo opozit\u00eb mundet me sjell\u00eb ndonj\u00eb fytyr\u00eb t\u00eb re, por zanatin e karakterin e ka t\u00eb vjet\u00ebr. Prandaj jan\u00eb n\u00eb r\u00ebnie t\u00eb lir\u00eb. Po bien vazhdimisht n\u00ebp\u00ebr cikle elektorale. Sa m\u00eb shum\u00eb po mbahen zgjedhje aq m\u00eb posht\u00eb po shkojn\u00eb. Asnj\u00eb m\u00ebsim s\u2019po nxjerrin. Do t\u00eb ishin qesharak\u00eb sikur t\u00eb mos ishin t\u00eb gjor\u00eb\u201d,\u00a0ka th\u00ebn\u00eb Kurti.<\/p>\n\n\n\n<p>Kryeministri shtoi se opozita po thot\u00eb \u201cose populli le t\u00eb na heq\u00eb nga Kuvendi ose duhet t\u00eb na doj\u00eb me zor\u201d. \u00a0\u201cVe\u00e7 k\u00ebto dy mund\u00ebsi jan\u00eb. Ata jan\u00eb thell\u00ebsisht t\u00eb pak\u00ebnaqur me numri ne deputet\u00ebve q\u00eb kan\u00eb. Praktikisht LDK-ja po thot\u00eb q\u00eb i kemi 15 deputet\u00eb por nuk m\u00eb duhen asgj\u00eb. PDK-ja po thot\u00eb q\u00eb i kam 22 deputet\u00eb por nuk po m\u00eb duhen asgj\u00eb, sepse ju e dini 22 + 15 b\u00ebjn\u00eb 37 e n\u00eb 57 e ne 66. K\u00ebt\u00eb s\u2019po munden ta kap\u00ebrdijn\u00eb mend\u00ebrisht dhe \u00e7ka po u thon\u00eb qytetar\u00ebve, po shkojm\u00eb n\u00eb zgjedhje\u201d, tha Kurti.<\/p>\n\n\n\n<p>Pas mbylljes s\u00eb seanc\u00ebs, n\u00eb nj\u00eb deklarat\u00eb p\u00ebr mediat, Partia Demokratike e Kosov\u00ebs (PDK) ka deklaruar se, me p\u00ebrfundimin e afatit kushtetues p\u00ebr zgjedhjen e Presidentit, \u00ebsht\u00eb mbrojtur rendi kushtetues dhe \u00ebsht\u00eb shmangur, sipas saj, nj\u00eb shkelje e r\u00ebnd\u00eb e Kushtetut\u00ebs.<\/p>\n\n\n\n<p>Sipas PDK-s\u00eb, p\u00ebrpjekjet p\u00ebr t\u00eb imponuar nj\u00eb proces t\u00eb nj\u00ebansh\u00ebm dhe jasht\u00eb korniz\u00ebs kushtetuese kan\u00eb d\u00ebshtuar, nd\u00ebrsa institucionet e Republik\u00ebs dhe rendi kushtetues jan\u00eb ruajtur. Kjo parti konsideron se p\u00ebrgjegj\u00ebsia kryesore p\u00ebr kriz\u00ebn politike bie mbi pushtetin aktual, t\u00eb cilin e akuzon p\u00ebr krijimin e krizave t\u00eb nj\u00ebpasnj\u00ebshme politike, keqqeverisje dhe probleme ekonomike.<\/p>\n\n\n\n<p>PDK-ja vler\u00ebson se, n\u00eb p\u00ebrputhje me Kushtetut\u00ebn, vendi hyn tani n\u00eb nj\u00eb proces t\u00eb ri zgjedhor. N\u00eb k\u00ebt\u00eb drejtim, ajo i ka b\u00ebr\u00eb thirrje ushtrueses s\u00eb detyr\u00ebs s\u00eb presidentes, Albulena Haxhiu, q\u00eb t\u00eb caktoj\u00eb dat\u00ebn e zgjedhjeve brenda afateve kushtetuese, duke siguruar nj\u00eb proces t\u00eb rregullt, t\u00eb lir\u00eb dhe demokratik.<\/p>\n\n\n\n<p>Po ashtu, kjo parti u ka b\u00ebr\u00eb thirrje qytetar\u00ebve t\u00eb Kosov\u00ebs q\u00eb t\u00eb p\u00ebrgatiten p\u00ebr zgjedhje dhe, p\u00ebrmes vot\u00ebs s\u00eb tyre, t\u00eb refuzojn\u00eb, si\u00e7 thuhet, p\u00ebr\u00e7arjen dhe bllokadat institucionale. N\u00eb reagimin e saj, PDK-ja thekson se \u201cvendi ka nevoj\u00eb p\u00ebr nj\u00eb drejtim t\u00eb ri, stabilitet politik dhe institucione funksionale, duke k\u00ebrkuar nj\u00eb qeverisje q\u00eb respekton Kushtetut\u00ebn\u201c. Sipas saj, pas zhvillimeve t\u00eb fundit, vendimmarrja kalon tek qytetar\u00ebt p\u00ebrmes procesit zgjedhor.<\/p>\n","protected":false},"excerpt":{"rendered":"<p>Deputet\u00ebt e Kuvendit t\u00eb Kosov\u00ebs kan\u00eb d\u00ebshtuar q\u00eb t\u00eb zgjedhin presidentin e ri brenda afatit kushtetues, duke b\u00ebr\u00eb q\u00eb Kuvendi t\u00eb shp\u00ebrndahet dhe vendi t\u00eb shkoj\u00eb n\u00eb zgjedhje. \u201cSipas aktgjykimit, Kuvendi konsiderohet i shp\u00ebrndar\u00eb\u201d, tha kryeparlamentarja Albulena Haxhiu, n\u00eb fund t\u00eb seanc\u00ebs, fiks n\u00eb or\u00ebn 00:00. N\u00eb seanc\u00ebn e 28 prillit nuk mor\u00ebn pjes\u00eb deputet\u00ebt [&hellip;]<\/p>\n","protected":false},"author":2013,"featured_media":428334,"comment_status":"closed","ping_status":"closed","sticky":false,"template":"","format":"standard","meta":{"footnotes":""},"categories":[241,2006,5380,231,1454],"tags":[],"class_list":{"0":"post-428333","1":"post","2":"type-post","3":"status-publish","4":"format-standard","5":"has-post-thumbnail","7":"category-aktualitet","8":"category-kosova","9":"category-kryesore","10":"category-lajme","11":"category-politike"},"_links":{"self":[{"href":"https:\/\/zjarr.tv\/sq\/wp-json\/wp\/v2\/posts\/428333","targetHints":{"allow":["GET"]}}],"collection":[{"href":"https:\/\/zjarr.tv\/sq\/wp-json\/wp\/v2\/posts"}],"about":[{"href":"https:\/\/zjarr.tv\/sq\/wp-json\/wp\/v2\/types\/post"}],"author":[{"embeddable":true,"href":"https:\/\/zjarr.tv\/sq\/wp-json\/wp\/v2\/users\/2013"}],"replies":[{"embeddable":true,"href":"https:\/\/zjarr.tv\/sq\/wp-json\/wp\/v2\/comments?post=428333"}],"version-history":[{"count":1,"href":"https:\/\/zjarr.tv\/sq\/wp-json\/wp\/v2\/posts\/428333\/revisions"}],"predecessor-version":[{"id":428335,"href":"https:\/\/zjarr.tv\/sq\/wp-json\/wp\/v2\/posts\/428333\/revisions\/428335"}],"wp:featuredmedia":[{"embeddable":true,"href":"https:\/\/zjarr.tv\/sq\/wp-json\/wp\/v2\/media\/428334"}],"wp:attachment":[{"href":"https:\/\/zjarr.tv\/sq\/wp-json\/wp\/v2\/media?parent=428333"}],"wp:term":[{"taxonomy":"category","embeddable":true,"href":"https:\/\/zjarr.tv\/sq\/wp-json\/wp\/v2\/categories?post=428333"},{"taxonomy":"post_tag","embeddable":true,"href":"https:\/\/zjarr.tv\/sq\/wp-json\/wp\/v2\/tags?post=428333"}],"curies":[{"name":"wp","href":"https:\/\/api.w.org\/{rel}","templated":true}]}}