{"id":428345,"date":"2026-04-29T12:40:49","date_gmt":"2026-04-29T10:40:49","guid":{"rendered":"https:\/\/zjarr.tv\/?p=428345"},"modified":"2026-04-29T12:40:51","modified_gmt":"2026-04-29T10:40:51","slug":"investimet-strategjike-dhe-paketa-e-maleve-lapaj-dorezon-kerkesen-per-referendum-ne-kqz","status":"publish","type":"post","link":"https:\/\/zjarr.tv\/sq\/investimet-strategjike-dhe-paketa-e-maleve-lapaj-dorezon-kerkesen-per-referendum-ne-kqz\/","title":{"rendered":"\u201cInvestimet Strategjike\u201d dhe \u201cPaketa e Maleve\u201d, Lapaj dor\u00ebzon k\u00ebrkes\u00ebn p\u00ebr referendum n\u00eb KQZ"},"content":{"rendered":"\n<p>Kreu i \u201cShqip\u00ebria B\u00ebhet\u201d, Adriatik Lapaj ka dor\u00ebzuar sot n\u00eb KQZ k\u00ebrkes\u00ebn p\u00ebr marrjen e formularit tip p\u00ebr t\u00eb nisur mbledhjen e 50,000 firmave p\u00ebr secilin ligj, me q\u00ebllim zhvillimin e nj\u00eb referendumi komb\u00ebtar p\u00ebr shfuqizimin e Ligjit \u201cP\u00ebr investimet strategjike dhe \u201cP\u00ebr paket\u00ebn e maleve\u201d.<\/p>\n\n\n\n<p>N\u00eb nj\u00eb komunikim p\u00ebr gazetar\u00ebt, Lapaj u shpreh se n\u00ebse gjith\u00e7ka shkon normalisht, referendumi mund t\u00eb mbahet n\u00eb vjesht\u00ebn e vitit t\u00eb ardhsh\u00ebm.<\/p>\n\n\n\n<p><em>\u201cReferuar kuadrit ligjor procesi referendar p\u00ebr shkak t\u00eb p\u00ebrcaktimeve q\u00eb X muaj para zgjedhjeve dhe pas zgjedhjeve nuk mund t\u00eb mbahet referendum, par\u00eb edhe zgjedhjet q\u00eb po vijn\u00eb i bie q\u00eb n\u00ebse shkon n\u00eb rregull do t\u00eb mbahet n\u00eb vjesht\u00ebn e vitit tjet\u00ebr.<\/em><\/p>\n\n\n\n<p><em>Procesi i mbledhjes s\u00eb firmave do jet\u00eb nj\u00eb proces gradual. N\u00eb total jan\u00eb 100 mij\u00eb firma dhe qytetar\u00ebt duhet t\u00eb angazhohen nga \u00e7do cep i vendit\u201d<\/em>, tha Lapaj.<\/p>\n","protected":false},"excerpt":{"rendered":"<p>Kreu i \u201cShqip\u00ebria B\u00ebhet\u201d, Adriatik Lapaj ka dor\u00ebzuar sot n\u00eb KQZ k\u00ebrkes\u00ebn p\u00ebr marrjen e formularit tip p\u00ebr t\u00eb nisur mbledhjen e 50,000 firmave p\u00ebr secilin ligj, me q\u00ebllim zhvillimin e nj\u00eb referendumi komb\u00ebtar p\u00ebr shfuqizimin e Ligjit \u201cP\u00ebr investimet strategjike dhe \u201cP\u00ebr paket\u00ebn e maleve\u201d. N\u00eb nj\u00eb komunikim p\u00ebr gazetar\u00ebt, Lapaj u shpreh se [&hellip;]<\/p>\n","protected":false},"author":2013,"featured_media":428346,"comment_status":"closed","ping_status":"closed","sticky":false,"template":"","format":"standard","meta":{"footnotes":""},"categories":[241,5380,231,1454,235],"tags":[],"class_list":{"0":"post-428345","1":"post","2":"type-post","3":"status-publish","4":"format-standard","5":"has-post-thumbnail","7":"category-aktualitet","8":"category-kryesore","9":"category-lajme","10":"category-politike","11":"category-vendi"},"_links":{"self":[{"href":"https:\/\/zjarr.tv\/sq\/wp-json\/wp\/v2\/posts\/428345","targetHints":{"allow":["GET"]}}],"collection":[{"href":"https:\/\/zjarr.tv\/sq\/wp-json\/wp\/v2\/posts"}],"about":[{"href":"https:\/\/zjarr.tv\/sq\/wp-json\/wp\/v2\/types\/post"}],"author":[{"embeddable":true,"href":"https:\/\/zjarr.tv\/sq\/wp-json\/wp\/v2\/users\/2013"}],"replies":[{"embeddable":true,"href":"https:\/\/zjarr.tv\/sq\/wp-json\/wp\/v2\/comments?post=428345"}],"version-history":[{"count":1,"href":"https:\/\/zjarr.tv\/sq\/wp-json\/wp\/v2\/posts\/428345\/revisions"}],"predecessor-version":[{"id":428347,"href":"https:\/\/zjarr.tv\/sq\/wp-json\/wp\/v2\/posts\/428345\/revisions\/428347"}],"wp:featuredmedia":[{"embeddable":true,"href":"https:\/\/zjarr.tv\/sq\/wp-json\/wp\/v2\/media\/428346"}],"wp:attachment":[{"href":"https:\/\/zjarr.tv\/sq\/wp-json\/wp\/v2\/media?parent=428345"}],"wp:term":[{"taxonomy":"category","embeddable":true,"href":"https:\/\/zjarr.tv\/sq\/wp-json\/wp\/v2\/categories?post=428345"},{"taxonomy":"post_tag","embeddable":true,"href":"https:\/\/zjarr.tv\/sq\/wp-json\/wp\/v2\/tags?post=428345"}],"curies":[{"name":"wp","href":"https:\/\/api.w.org\/{rel}","templated":true}]}}