{"id":428372,"date":"2026-05-01T12:43:00","date_gmt":"2026-05-01T10:43:00","guid":{"rendered":"https:\/\/zjarr.tv\/?p=428372"},"modified":"2026-05-01T12:43:01","modified_gmt":"2026-05-01T10:43:01","slug":"shqiperi-kosove-pa-kufi-nis-levizja-e-lire-ne-pikat-kufitare","status":"publish","type":"post","link":"https:\/\/zjarr.tv\/sq\/shqiperi-kosove-pa-kufi-nis-levizja-e-lire-ne-pikat-kufitare\/","title":{"rendered":"Shqip\u00ebri-Kosov\u00eb \u201cpa kufi\u201d, nis l\u00ebvizja e lir\u00eb n\u00eb pikat kufitare"},"content":{"rendered":"\n<p>Duke nisur nga kjo e premte, 1 maj, Shqip\u00ebria dhe Kosova kan\u00eb rivendosur zyrtarisht l\u00ebvizjen pa kontrolle kufitare p\u00ebr automjetet me targa t\u00eb t\u00eb dy vendeve.<\/p>\n\n\n\n<p>Kjo mas\u00eb do t\u00eb zgjas\u00eb deri m\u00eb 30 shtator dhe synon t\u00eb leht\u00ebsoj\u00eb ndjesh\u00ebm qarkullimin gjat\u00eb sezonit veror, periudh\u00eb kur rritet ndjesh\u00ebm numri i udh\u00ebtar\u00ebve.<\/p>\n\n\n\n<p>Sipas marr\u00ebveshjes s\u00eb arritur, mjetet me targa shqiptare dhe kosovare do t\u00eb kalojn\u00eb n\u00eb pikat kufitare pa ndalesa dhe pa procedurat e zakonshme t\u00eb kontrollit.<\/p>\n\n\n\n<p>Nd\u00ebrkoh\u00eb, automjetet me targa t\u00eb huaja do t\u2019i n\u00ebnshtrohen vet\u00ebm verifikimeve t\u00eb shpejta, me q\u00ebllim shmangien e pritjeve dhe radh\u00ebve t\u00eb gjata, ve\u00e7an\u00ebrisht n\u00eb pik\u00ebn Morin\u00eb\u2013V\u00ebrmic\u00eb.<\/p>\n\n\n\n<p>Ky leht\u00ebsim i l\u00ebvizjes rikthehet pas nj\u00eb periudhe dy mujore nd\u00ebrprerjeje, gjat\u00eb s\u00eb cil\u00ebs, n\u00eb mars dhe prill, u aplikuan kontrolle t\u00eb plota kufitare. Megjithat\u00eb, edhe n\u00eb at\u00eb periudh\u00eb, gjat\u00eb fundjavave dhe festave zyrtare, p\u00ebr qytetar\u00ebt e Shqip\u00ebris\u00eb dhe Kosov\u00ebs vazhdoi t\u00eb zbatohej nj\u00eb regjim i thjeshtuar.<\/p>\n\n\n\n<p>Ky bashk\u00ebpunim mes dy vendeve \u00ebsht\u00eb konsideruar nd\u00ebr vite i suksessh\u00ebm, duke sjell\u00eb p\u00ebrfitime t\u00eb dukshme sidomos n\u00eb sezonin veror, si rritje t\u00eb turizmit, leht\u00ebsim t\u00eb vizitave familjare dhe nxitje t\u00eb shk\u00ebmbimeve tregtare.<\/p>\n\n\n\n<p>Sipas t\u00eb dh\u00ebnave zyrtare, vet\u00ebm gjat\u00eb or\u00ebve t\u00eb para t\u00eb s\u00eb premtes, n\u00eb territorin e Shqip\u00ebris\u00eb kan\u00eb hyr\u00eb rreth 20 mij\u00eb qytetar\u00eb, pjesa m\u00eb e madhe e t\u00eb cil\u00ebve nga Kosova.<\/p>\n","protected":false},"excerpt":{"rendered":"<p>Duke nisur nga kjo e premte, 1 maj, Shqip\u00ebria dhe Kosova kan\u00eb rivendosur zyrtarisht l\u00ebvizjen pa kontrolle kufitare p\u00ebr automjetet me targa t\u00eb t\u00eb dy vendeve. Kjo mas\u00eb do t\u00eb zgjas\u00eb deri m\u00eb 30 shtator dhe synon t\u00eb leht\u00ebsoj\u00eb ndjesh\u00ebm qarkullimin gjat\u00eb sezonit veror, periudh\u00eb kur rritet ndjesh\u00ebm numri i udh\u00ebtar\u00ebve. Sipas marr\u00ebveshjes s\u00eb arritur, [&hellip;]<\/p>\n","protected":false},"author":2013,"featured_media":428373,"comment_status":"closed","ping_status":"closed","sticky":false,"template":"","format":"standard","meta":{"footnotes":""},"categories":[241,5380,231,235],"tags":[],"class_list":{"0":"post-428372","1":"post","2":"type-post","3":"status-publish","4":"format-standard","5":"has-post-thumbnail","7":"category-aktualitet","8":"category-kryesore","9":"category-lajme","10":"category-vendi"},"_links":{"self":[{"href":"https:\/\/zjarr.tv\/sq\/wp-json\/wp\/v2\/posts\/428372","targetHints":{"allow":["GET"]}}],"collection":[{"href":"https:\/\/zjarr.tv\/sq\/wp-json\/wp\/v2\/posts"}],"about":[{"href":"https:\/\/zjarr.tv\/sq\/wp-json\/wp\/v2\/types\/post"}],"author":[{"embeddable":true,"href":"https:\/\/zjarr.tv\/sq\/wp-json\/wp\/v2\/users\/2013"}],"replies":[{"embeddable":true,"href":"https:\/\/zjarr.tv\/sq\/wp-json\/wp\/v2\/comments?post=428372"}],"version-history":[{"count":1,"href":"https:\/\/zjarr.tv\/sq\/wp-json\/wp\/v2\/posts\/428372\/revisions"}],"predecessor-version":[{"id":428374,"href":"https:\/\/zjarr.tv\/sq\/wp-json\/wp\/v2\/posts\/428372\/revisions\/428374"}],"wp:featuredmedia":[{"embeddable":true,"href":"https:\/\/zjarr.tv\/sq\/wp-json\/wp\/v2\/media\/428373"}],"wp:attachment":[{"href":"https:\/\/zjarr.tv\/sq\/wp-json\/wp\/v2\/media?parent=428372"}],"wp:term":[{"taxonomy":"category","embeddable":true,"href":"https:\/\/zjarr.tv\/sq\/wp-json\/wp\/v2\/categories?post=428372"},{"taxonomy":"post_tag","embeddable":true,"href":"https:\/\/zjarr.tv\/sq\/wp-json\/wp\/v2\/tags?post=428372"}],"curies":[{"name":"wp","href":"https:\/\/api.w.org\/{rel}","templated":true}]}}