{"id":428378,"date":"2026-05-01T14:23:19","date_gmt":"2026-05-01T12:23:19","guid":{"rendered":"https:\/\/zjarr.tv\/?p=428378"},"modified":"2026-05-01T14:23:22","modified_gmt":"2026-05-01T12:23:22","slug":"skualifikohen-kandidatet-e-tjere-sali-berisha-i-vetem-ne-gare-per-kryetar-partie","status":"publish","type":"post","link":"https:\/\/zjarr.tv\/sq\/skualifikohen-kandidatet-e-tjere-sali-berisha-i-vetem-ne-gare-per-kryetar-partie\/","title":{"rendered":"Skualifikohen kandidat\u00ebt e tjer\u00eb, Sali Berisha i vet\u00ebm n\u00eb gar\u00eb p\u00ebr kryetar partie"},"content":{"rendered":"\n<p>Sali Berisha \u00ebsht\u00eb n\u00eb gar\u00eb i vet\u00ebm p\u00ebr zgjedhjen e kryetarit t\u00eb Partis\u00eb Demokratike.<\/p>\n\n\n\n<p>Komisioni zgjedhor n\u00eb PD ka skualifikuar nga gara mjeken Mereme Sela si dhe Vladimir Mulaj, duke l\u00ebn\u00eb k\u00ebshtu Berish\u00ebn vet\u00ebm, raporton gazetarja e Top Channel Elda Menga.<\/p>\n\n\n\n<p>Nj\u00eb dit\u00eb m\u00eb par\u00eb, kandidatur\u00ebn e ka dor\u00ebzuar edhe Ervin Salianji, Evi Kokalari dhe Alesia Balliu, por nuk u jan\u00eb pranuar.<\/p>\n","protected":false},"excerpt":{"rendered":"<p>Sali Berisha \u00ebsht\u00eb n\u00eb gar\u00eb i vet\u00ebm p\u00ebr zgjedhjen e kryetarit t\u00eb Partis\u00eb Demokratike. Komisioni zgjedhor n\u00eb PD ka skualifikuar nga gara mjeken Mereme Sela si dhe Vladimir Mulaj, duke l\u00ebn\u00eb k\u00ebshtu Berish\u00ebn vet\u00ebm, raporton gazetarja e Top Channel Elda Menga. Nj\u00eb dit\u00eb m\u00eb par\u00eb, kandidatur\u00ebn e ka dor\u00ebzuar edhe Ervin Salianji, Evi Kokalari dhe [&hellip;]<\/p>\n","protected":false},"author":2013,"featured_media":428379,"comment_status":"closed","ping_status":"closed","sticky":false,"template":"","format":"standard","meta":{"footnotes":""},"categories":[241,5380,231,1454,235],"tags":[],"class_list":{"0":"post-428378","1":"post","2":"type-post","3":"status-publish","4":"format-standard","5":"has-post-thumbnail","7":"category-aktualitet","8":"category-kryesore","9":"category-lajme","10":"category-politike","11":"category-vendi"},"_links":{"self":[{"href":"https:\/\/zjarr.tv\/sq\/wp-json\/wp\/v2\/posts\/428378","targetHints":{"allow":["GET"]}}],"collection":[{"href":"https:\/\/zjarr.tv\/sq\/wp-json\/wp\/v2\/posts"}],"about":[{"href":"https:\/\/zjarr.tv\/sq\/wp-json\/wp\/v2\/types\/post"}],"author":[{"embeddable":true,"href":"https:\/\/zjarr.tv\/sq\/wp-json\/wp\/v2\/users\/2013"}],"replies":[{"embeddable":true,"href":"https:\/\/zjarr.tv\/sq\/wp-json\/wp\/v2\/comments?post=428378"}],"version-history":[{"count":1,"href":"https:\/\/zjarr.tv\/sq\/wp-json\/wp\/v2\/posts\/428378\/revisions"}],"predecessor-version":[{"id":428380,"href":"https:\/\/zjarr.tv\/sq\/wp-json\/wp\/v2\/posts\/428378\/revisions\/428380"}],"wp:featuredmedia":[{"embeddable":true,"href":"https:\/\/zjarr.tv\/sq\/wp-json\/wp\/v2\/media\/428379"}],"wp:attachment":[{"href":"https:\/\/zjarr.tv\/sq\/wp-json\/wp\/v2\/media?parent=428378"}],"wp:term":[{"taxonomy":"category","embeddable":true,"href":"https:\/\/zjarr.tv\/sq\/wp-json\/wp\/v2\/categories?post=428378"},{"taxonomy":"post_tag","embeddable":true,"href":"https:\/\/zjarr.tv\/sq\/wp-json\/wp\/v2\/tags?post=428378"}],"curies":[{"name":"wp","href":"https:\/\/api.w.org\/{rel}","templated":true}]}}