{"id":428381,"date":"2026-05-01T15:04:09","date_gmt":"2026-05-01T13:04:09","guid":{"rendered":"https:\/\/zjarr.tv\/?p=428381"},"modified":"2026-05-01T15:04:12","modified_gmt":"2026-05-01T13:04:12","slug":"u-denua-per-vrasjen-e-martin-cecos-rrefehet-tina-pajollari-policia-me-bente-presion-te-ndryshoja-deklaraten","status":"publish","type":"post","link":"https:\/\/zjarr.tv\/sq\/u-denua-per-vrasjen-e-martin-cecos-rrefehet-tina-pajollari-policia-me-bente-presion-te-ndryshoja-deklaraten\/","title":{"rendered":"U d\u00ebnua p\u00ebr vrasjen e Martin \u00c7e\u00e7os, rr\u00ebfehet Tina Pajollari: Policia m\u00eb b\u00ebnte presion t\u00eb ndryshoja deklarat\u00ebn"},"content":{"rendered":"\n<p>Tina Pajollari, 21-vje\u00e7arja nga Kor\u00e7a, e akuzuar p\u00ebr p\u00ebrfshirje n\u00eb ngjarjen e r\u00ebnd\u00eb t\u00eb vrasjes s\u00eb Martin \u00c7e\u00e7o n\u00eb vitin 2022, ka mohuar \u00e7do lidhje me krimin dhe ka ngritur akuza t\u00eb forta ndaj punonj\u00ebsve t\u00eb Policis\u00eb s\u00eb Shtetit.<\/p>\n\n\n\n<p>N\u00eb nj\u00eb intervist\u00eb telefonike dh\u00ebn\u00eb autores s\u00eb emisionit \u201cMe zem\u00ebr t\u00eb hapur\u201d, Evis Ahmeti, Pajollari tha se gjat\u00eb periudh\u00ebs 3-vje\u00e7are n\u00eb burg, \u00ebsht\u00eb p\u00ebrballur me presione gjat\u00eb hetimeve p\u00ebr nj\u00eb \u00e7\u00ebshtje penale q\u00eb lidhet me k\u00ebt\u00eb vrasje, duke kujtuar se \u00ebsht\u00eb shoq\u00ebruar dhe mbajtur p\u00ebr tre dit\u00eb n\u00eb nj\u00eb hotel pran\u00eb ambienteve t\u00eb policies.<\/p>\n\n\n\n<p>\u201cKam qen\u00eb n\u00ebn presion t\u00eb vazhduesh\u00ebm p\u00ebr t\u00eb ndryshuar deklarimet e mia. M\u00eb kan\u00eb th\u00ebn\u00eb se n\u00ebse nuk pranoja, do t\u00eb p\u00ebrfundoja n\u00eb burg\u201d, tha ajo.<\/p>\n\n\n\n<p>Pajollari pretendon gjithashtu se ka p\u00ebrjetuar trajtim t\u00eb r\u00ebnd\u00eb dhe k\u00ebrc\u00ebnime gjat\u00eb k\u00ebsaj periudhe, p\u00ebrfshir\u00eb edhe dhun\u00eb fizike, nd\u00ebrsa shton se k\u00ebto pretendime i ka paraqitur edhe n\u00eb gjykat\u00eb.<\/p>\n\n\n\n<p>Ajo ka th\u00ebn\u00eb se gjat\u00eb q\u00ebndrimit n\u00eb burg ka kontaktuar psikolog\u00eb dhe ka k\u00ebmb\u00ebngulur se \u00ebsht\u00eb e pafajshme, duke mohuar \u00e7do p\u00ebrfshirje n\u00eb ngjarjen kriminale p\u00ebr t\u00eb cil\u00ebn \u00ebsht\u00eb d\u00ebnuar me 20 vite burg n\u00eb shkall\u00ebn e par\u00eb.<\/p>\n\n\n\n<p>Nd\u00ebrkoh\u00eb, avokat\u00ebt mbrojt\u00ebs kan\u00eb deklaruar se do ta apelojn\u00eb vendimin e gjykat\u00ebs, duke k\u00ebrkuar rishikim t\u00eb \u00e7\u00ebshtjes dhe p\u00ebrjashtim t\u00eb saj nga akuzat p\u00ebr p\u00ebrfshirje n\u00eb vrasje.<\/p>\n\n\n\n<p><strong>Tina Pajollari:<\/strong><em>&nbsp;Un\u00eb isha e vog\u00ebl, presionet e vazhdueshme nga policia m\u00eb b\u00ebn\u00eb t\u00eb ndryshoj version.<\/em><\/p>\n\n\n\n<p><em>Nuk \u00ebsht\u00eb e v\u00ebrtet\u00eb q\u00eb emisioni \u201cMe zem\u00ebr t\u00eb hapur\u201d m\u00eb ka premtuar gj\u00eb pas intervist\u00ebs, as gazetarja e emisionit.<\/em><\/p>\n\n\n\n<p><em>3 vitet e burgut ishte e v\u00ebshtir\u00eb, nj\u00eb muaj kisha problem burgun, m\u00eb pas u ambientova. M\u00eb shum\u00eb rrija vet\u00ebm. Vinin nga jasht\u00eb b\u00ebnin aktivitete n\u00eb burg por nuk p\u00ebrfshihesha.<\/em><\/p>\n\n\n\n<p><em>N\u00eb burg i kam treguar t\u00eb v\u00ebrtet\u00ebn time.<\/em><\/p>\n\n\n\n<p><em>Kam folur me psikologet n\u00eb burg, i kam th\u00ebn\u00eb se jam e pafajshme dhe nuk kam lidhje me at\u00eb ngjarje, por jam detyruar t\u00eb jap nj\u00eb tjet\u00ebr version nga policia.<\/em><\/p>\n\n\n\n<p><em>Jam ndjer\u00eb shum\u00eb keq, u s\u00ebmura pasi d\u00ebgjova vendimin p\u00ebr 20 vjet burg.<\/em><\/p>\n\n\n\n<p><em>Avokat\u00ebt mbrojt\u00ebs sapo kan\u00eb dal\u00eb nga salla e gjyqit deklaruan se do ta apelojn\u00eb vendimin e gjyqit ku k\u00ebrkuan t\u00eb mos p\u00ebrfshihej n\u00eb vrasjen e Martin \u00c7e\u00e7os. N\u00eb vitin 2022, n\u00eb emisionin \u201cMe zem\u00ebr t\u00eb hapur\u201d, Pajollari tha se s\u2019ka patur njohje fare me viktim\u00ebn.<\/em><\/p>\n\n\n\n<p><em>Policia k\u00ebrkoi q\u00eb un\u00eb t\u00eb pranoja se e kam njohur Martinin.<\/em><\/p>\n\n\n\n<p><em>Policia m\u00eb ka mbajtur n\u00eb nj\u00eb hotel pran\u00eb policis\u00eb 3 dit\u00eb dhe m\u00eb ushtronin presion p\u00ebr t\u00eb pranuar njohjen me Martin \u00c7e\u00e7on.<\/em><\/p>\n\n\n\n<p><em>M\u00eb kan\u00eb trajtuar shum\u00eb keq, m\u00eb mbanin, m\u00eb k\u00ebrc\u00ebnonin, n\u00ebse nuk e pranon do t\u00eb kalbesh n\u00eb burg.<\/em><\/p>\n\n\n\n<p><em>Ka patur dhe dhun\u00eb fizike ndaj meje, kan\u00eb qen\u00eb shum\u00eb punonj\u00ebs policie, dy i mbaj mend. N\u00ebse i shoh dhe m\u00eb kujtohen do ti tregoj emrat.<\/em><\/p>\n\n\n\n<p><em>K\u00ebto pretendime i kam th\u00ebn\u00eb dhe n\u00eb sall\u00ebn e gjyqit. Gjykata e shkall\u00ebs s\u00eb par\u00eb nuk mori parasysh asgj\u00eb nga fjal\u00ebt q\u00eb kam th\u00ebn\u00eb un\u00eb.<\/em><\/p>\n","protected":false},"excerpt":{"rendered":"<p>Tina Pajollari, 21-vje\u00e7arja nga Kor\u00e7a, e akuzuar p\u00ebr p\u00ebrfshirje n\u00eb ngjarjen e r\u00ebnd\u00eb t\u00eb vrasjes s\u00eb Martin \u00c7e\u00e7o n\u00eb vitin 2022, ka mohuar \u00e7do lidhje me krimin dhe ka ngritur akuza t\u00eb forta ndaj punonj\u00ebsve t\u00eb Policis\u00eb s\u00eb Shtetit. N\u00eb nj\u00eb intervist\u00eb telefonike dh\u00ebn\u00eb autores s\u00eb emisionit \u201cMe zem\u00ebr t\u00eb hapur\u201d, Evis Ahmeti, Pajollari tha [&hellip;]<\/p>\n","protected":false},"author":2013,"featured_media":428382,"comment_status":"closed","ping_status":"closed","sticky":false,"template":"","format":"standard","meta":{"footnotes":""},"categories":[241,323,5380,231,235],"tags":[],"class_list":{"0":"post-428381","1":"post","2":"type-post","3":"status-publish","4":"format-standard","5":"has-post-thumbnail","7":"category-aktualitet","8":"category-kronika-e-zeze","9":"category-kryesore","10":"category-lajme","11":"category-vendi"},"_links":{"self":[{"href":"https:\/\/zjarr.tv\/sq\/wp-json\/wp\/v2\/posts\/428381","targetHints":{"allow":["GET"]}}],"collection":[{"href":"https:\/\/zjarr.tv\/sq\/wp-json\/wp\/v2\/posts"}],"about":[{"href":"https:\/\/zjarr.tv\/sq\/wp-json\/wp\/v2\/types\/post"}],"author":[{"embeddable":true,"href":"https:\/\/zjarr.tv\/sq\/wp-json\/wp\/v2\/users\/2013"}],"replies":[{"embeddable":true,"href":"https:\/\/zjarr.tv\/sq\/wp-json\/wp\/v2\/comments?post=428381"}],"version-history":[{"count":1,"href":"https:\/\/zjarr.tv\/sq\/wp-json\/wp\/v2\/posts\/428381\/revisions"}],"predecessor-version":[{"id":428383,"href":"https:\/\/zjarr.tv\/sq\/wp-json\/wp\/v2\/posts\/428381\/revisions\/428383"}],"wp:featuredmedia":[{"embeddable":true,"href":"https:\/\/zjarr.tv\/sq\/wp-json\/wp\/v2\/media\/428382"}],"wp:attachment":[{"href":"https:\/\/zjarr.tv\/sq\/wp-json\/wp\/v2\/media?parent=428381"}],"wp:term":[{"taxonomy":"category","embeddable":true,"href":"https:\/\/zjarr.tv\/sq\/wp-json\/wp\/v2\/categories?post=428381"},{"taxonomy":"post_tag","embeddable":true,"href":"https:\/\/zjarr.tv\/sq\/wp-json\/wp\/v2\/tags?post=428381"}],"curies":[{"name":"wp","href":"https:\/\/api.w.org\/{rel}","templated":true}]}}