{"id":430533,"date":"2026-08-31T09:36:53","date_gmt":"2026-08-31T07:36:53","guid":{"rendered":"https:\/\/zjarr.tv\/?p=430533"},"modified":"2026-08-31T09:36:59","modified_gmt":"2026-08-31T07:36:59","slug":"dorehiqet-bashkekryetarja-e-ps-vlore-ministrja-erjona-ismaili","status":"publish","type":"post","link":"https:\/\/zjarr.tv\/sq\/dorehiqet-bashkekryetarja-e-ps-vlore-ministrja-erjona-ismaili\/","title":{"rendered":"Dor\u00ebhiqet bashk\u00ebkryetarja e PS Vlor\u00eb, ministrja Erjona Ismaili"},"content":{"rendered":"\n<p class=\"wp-block-paragraph\">Erjona Ismaili nuk do t\u00eb vijoj\u00eb t\u00eb mbaj\u00eb detyr\u00ebn e bashk\u00ebkryetares s\u00eb Partis\u00eb Socialiste n\u00eb Vlor\u00eb.<\/p>\n\n\n\n<p class=\"wp-block-paragraph\">Ministrja e Shtetit p\u00ebr Marr\u00ebdh\u00ebniet me Parlamentin ka b\u00ebr\u00eb t\u00eb ditur n\u00eb rrjetet sociale se dor\u00ebheqja e saj nga kjo p\u00ebrgjegj\u00ebsi, vjen n\u00eb kuad\u00ebr t\u00eb riorganizimit t\u00eb strukturave t\u00eb PS-s\u00eb.<\/p>\n\n\n\n<p class=\"wp-block-paragraph\">Ismaili shpjegon se largimi i saj synon t\u2019i jap\u00eb mund\u00ebsi procesit t\u00eb p\u00ebrzgjedhjes s\u00eb drejtuesve t\u00eb rinj t\u00eb struktur\u00ebs socialiste n\u00eb Vlor\u00eb.<\/p>\n\n\n\n<p class=\"wp-block-paragraph\"><em>\u201cKa qen\u00eb privilegj dhe p\u00ebrgjegj\u00ebsi q\u00eb, p\u00ebr 1 vit e 3 muaj, t\u00eb drejtoja si bashk\u00ebkryetare Partin\u00eb Socialiste t\u00eb Vlor\u00ebs, fal\u00eb besimit dhe mund\u00ebsis\u00eb s\u00eb dh\u00ebn\u00eb nga Kryetari i Partis\u00eb Socialiste, Edi Rama.<\/em><\/p>\n\n\n\n<p class=\"wp-block-paragraph\"><em>Nj\u00eb detyr\u00eb q\u00eb jam p\u00ebrpjekur ta ushtroj me p\u00ebrkushtim, korrekt\u00ebsi dhe integritet, e vet\u00ebdijshme p\u00ebr p\u00ebrgjegj\u00ebsin\u00eb q\u00eb mbart drejtimi dhe p\u00ebrfaq\u00ebsimi i nj\u00eb strukture kaq t\u00eb r\u00ebnd\u00ebsishme.<\/em><\/p>\n\n\n\n<p class=\"wp-block-paragraph\"><em>Sot, n\u00eb kuad\u00ebr t\u00eb faz\u00ebs s\u00eb fundit t\u00eb riorganizimit t\u00eb Partis\u00eb Socialiste, jap dor\u00ebheqjen nga detyra e bashk\u00ebkryetares, duke i hapur rrug\u00eb procesit demokratik t\u00eb p\u00ebrzgjedhjes s\u00eb drejtuesve t\u00eb rinj t\u00eb Partis\u00eb Socialiste t\u00eb Vlor\u00ebs.<\/em><\/p>\n\n\n\n<p class=\"wp-block-paragraph\"><em>Faleminderit \u00e7do socialisti, an\u00ebtari, drejtuesi dhe bashk\u00ebpun\u00ebtori p\u00ebr mb\u00ebshtetjen, besimin dhe pun\u00ebn e p\u00ebrbashk\u00ebt gjat\u00eb k\u00ebsaj periudhe, duke m\u00eb nxitur t\u00eb jap m\u00eb t\u00eb mir\u00ebn dhe t\u00eb kontribuoj p\u00ebr nj\u00eb model drejtimi t\u00eb bazuar te puna, p\u00ebrgjegj\u00ebsia dhe respekti p\u00ebr njer\u00ebzit.<\/em><\/p>\n\n\n\n<p class=\"wp-block-paragraph\"><em>Mir\u00ebnjoh\u00ebse p\u00ebr k\u00ebt\u00eb kapitull dhe p\u00ebr gjith\u00e7ka nd\u00ebrtuam s\u00eb bashku<\/em>\u201d, shkruan Ismaili.<\/p>\n","protected":false},"excerpt":{"rendered":"<p>Erjona Ismaili nuk do t\u00eb vijoj\u00eb t\u00eb mbaj\u00eb detyr\u00ebn e bashk\u00ebkryetares s\u00eb Partis\u00eb Socialiste n\u00eb Vlor\u00eb. Ministrja e Shtetit p\u00ebr Marr\u00ebdh\u00ebniet me Parlamentin ka b\u00ebr\u00eb t\u00eb ditur n\u00eb rrjetet sociale se dor\u00ebheqja e saj nga kjo p\u00ebrgjegj\u00ebsi, vjen n\u00eb kuad\u00ebr t\u00eb riorganizimit t\u00eb strukturave t\u00eb PS-s\u00eb. Ismaili shpjegon se largimi i saj synon t\u2019i jap\u00eb [&hellip;]<\/p>\n","protected":false},"author":2013,"featured_media":430534,"comment_status":"closed","ping_status":"closed","sticky":false,"template":"","format":"standard","meta":{"footnotes":""},"categories":[241,5380,231,1454,235],"tags":[],"class_list":["post-430533","post","type-post","status-publish","format-standard","has-post-thumbnail","category-aktualitet","category-kryesore","category-lajme","category-politike","category-vendi"],"_links":{"self":[{"href":"https:\/\/zjarr.tv\/sq\/wp-json\/wp\/v2\/posts\/430533","targetHints":{"allow":["GET"]}}],"collection":[{"href":"https:\/\/zjarr.tv\/sq\/wp-json\/wp\/v2\/posts"}],"about":[{"href":"https:\/\/zjarr.tv\/sq\/wp-json\/wp\/v2\/types\/post"}],"author":[{"embeddable":true,"href":"https:\/\/zjarr.tv\/sq\/wp-json\/wp\/v2\/users\/2013"}],"replies":[{"embeddable":true,"href":"https:\/\/zjarr.tv\/sq\/wp-json\/wp\/v2\/comments?post=430533"}],"version-history":[{"count":1,"href":"https:\/\/zjarr.tv\/sq\/wp-json\/wp\/v2\/posts\/430533\/revisions"}],"predecessor-version":[{"id":430535,"href":"https:\/\/zjarr.tv\/sq\/wp-json\/wp\/v2\/posts\/430533\/revisions\/430535"}],"wp:featuredmedia":[{"embeddable":true,"href":"https:\/\/zjarr.tv\/sq\/wp-json\/wp\/v2\/media\/430534"}],"wp:attachment":[{"href":"https:\/\/zjarr.tv\/sq\/wp-json\/wp\/v2\/media?parent=430533"}],"wp:term":[{"taxonomy":"category","embeddable":true,"href":"https:\/\/zjarr.tv\/sq\/wp-json\/wp\/v2\/categories?post=430533"},{"taxonomy":"post_tag","embeddable":true,"href":"https:\/\/zjarr.tv\/sq\/wp-json\/wp\/v2\/tags?post=430533"}],"curies":[{"name":"wp","href":"https:\/\/api.w.org\/{rel}","templated":true}]}}