{"id":430539,"date":"2026-08-31T10:29:03","date_gmt":"2026-08-31T08:29:03","guid":{"rendered":"https:\/\/zjarr.tv\/?p=430539"},"modified":"2026-08-31T10:29:04","modified_gmt":"2026-08-31T08:29:04","slug":"brace-kerkon-primare-ne-ps-per-kandidatin-e-bashkise-se-tiranes-manastirliu-nis-fushaten","status":"publish","type":"post","link":"https:\/\/zjarr.tv\/sq\/brace-kerkon-primare-ne-ps-per-kandidatin-e-bashkise-se-tiranes-manastirliu-nis-fushaten\/","title":{"rendered":"Bra\u00e7e k\u00ebrkon primare n\u00eb PS p\u00ebr kandidatin e bashkis\u00eb s\u00eb Tiran\u00ebs, Manastirliu nis fushat\u00ebn"},"content":{"rendered":"\n<p class=\"wp-block-paragraph\">Ogerta Manastirliu ka rinisur angazhimin n\u00eb terren n\u00eb Tiran\u00eb, duke dh\u00ebn\u00eb nj\u00eb sinjal t\u00eb qart\u00eb se ajo mbetet zgjedhja e Ram\u00ebs p\u00ebr drejtimin e kryeqytetit.<\/p>\n\n\n\n<p class=\"wp-block-paragraph\">Manastirliu e ka nisur k\u00ebt\u00eb aksion me takime me banor\u00ebt, nd\u00ebrsa sot \u00ebsht\u00eb ndalur n\u00eb nj\u00eb familje n\u00eb Tiran\u00eb.<\/p>\n\n\n\n<p class=\"wp-block-paragraph\"><em>\u201cP\u00ebr pun\u00ebt e kryera dhe p\u00ebr disa k\u00ebrkesa t\u00eb drejta q\u00eb i d\u00ebgjova, p\u00ebr t\u2019u rikthyer s\u00eb shpejti me p\u00ebrgjigje\u201d,<\/em>&nbsp;shkroi ajo.<\/p>\n\n\n\n<p class=\"wp-block-paragraph\">Rikthimi i saj n\u00eb terren vjen n\u00eb nj\u00eb koh\u00eb kur brenda PS Erjon Bra\u00e7e ka b\u00ebr\u00eb publike ambicien p\u00ebr t\u00eb kandiduar p\u00ebr Bashkin\u00eb e Tiran\u00ebs, duke k\u00ebrkuar edhe zhvillimin e primareve p\u00ebr p\u00ebrzgjedhjen e kandidatit.<\/p>\n\n\n\n<p class=\"wp-block-paragraph\"><strong>Postimi i Manasterliut<\/strong><\/p>\n\n\n\n<p class=\"wp-block-paragraph\"><em>Me dibran\u00eb t\u00eb Tiran\u00ebs, q\u00eb e din\u00eb mir\u00eb \u00e7\u2019do t\u00eb thot\u00eb dera e hapur dhe mikpritja.<\/em><\/p>\n\n\n\n<p class=\"wp-block-paragraph\"><em>N\u00eb familjen Nur\u00e7e, p\u00ebr t\u00eb biseduar nga af\u00ebr, p\u00ebr familjen, lagjen dhe p\u00ebrditshm\u00ebrin\u00eb e tyre.<\/em><\/p>\n\n\n\n<p class=\"wp-block-paragraph\"><em>P\u00ebr pun\u00ebt e kryera dhe p\u00ebr disa k\u00ebrkesa t\u00eb drejta q\u00eb i d\u00ebgjova, p\u00ebr t\u2019u rikthyer s\u00eb shpejti me p\u00ebrgjigje<\/em><\/p>\n\n\n\n<p class=\"wp-block-paragraph\"><\/p>\n","protected":false},"excerpt":{"rendered":"<p>Ogerta Manastirliu ka rinisur angazhimin n\u00eb terren n\u00eb Tiran\u00eb, duke dh\u00ebn\u00eb nj\u00eb sinjal t\u00eb qart\u00eb se ajo mbetet zgjedhja e Ram\u00ebs p\u00ebr drejtimin e kryeqytetit. Manastirliu e ka nisur k\u00ebt\u00eb aksion me takime me banor\u00ebt, nd\u00ebrsa sot \u00ebsht\u00eb ndalur n\u00eb nj\u00eb familje n\u00eb Tiran\u00eb. \u201cP\u00ebr pun\u00ebt e kryera dhe p\u00ebr disa k\u00ebrkesa t\u00eb drejta q\u00eb [&hellip;]<\/p>\n","protected":false},"author":2013,"featured_media":430540,"comment_status":"closed","ping_status":"closed","sticky":false,"template":"","format":"standard","meta":{"footnotes":""},"categories":[241,5380,231,1454,235],"tags":[],"class_list":["post-430539","post","type-post","status-publish","format-standard","has-post-thumbnail","category-aktualitet","category-kryesore","category-lajme","category-politike","category-vendi"],"_links":{"self":[{"href":"https:\/\/zjarr.tv\/sq\/wp-json\/wp\/v2\/posts\/430539","targetHints":{"allow":["GET"]}}],"collection":[{"href":"https:\/\/zjarr.tv\/sq\/wp-json\/wp\/v2\/posts"}],"about":[{"href":"https:\/\/zjarr.tv\/sq\/wp-json\/wp\/v2\/types\/post"}],"author":[{"embeddable":true,"href":"https:\/\/zjarr.tv\/sq\/wp-json\/wp\/v2\/users\/2013"}],"replies":[{"embeddable":true,"href":"https:\/\/zjarr.tv\/sq\/wp-json\/wp\/v2\/comments?post=430539"}],"version-history":[{"count":1,"href":"https:\/\/zjarr.tv\/sq\/wp-json\/wp\/v2\/posts\/430539\/revisions"}],"predecessor-version":[{"id":430541,"href":"https:\/\/zjarr.tv\/sq\/wp-json\/wp\/v2\/posts\/430539\/revisions\/430541"}],"wp:featuredmedia":[{"embeddable":true,"href":"https:\/\/zjarr.tv\/sq\/wp-json\/wp\/v2\/media\/430540"}],"wp:attachment":[{"href":"https:\/\/zjarr.tv\/sq\/wp-json\/wp\/v2\/media?parent=430539"}],"wp:term":[{"taxonomy":"category","embeddable":true,"href":"https:\/\/zjarr.tv\/sq\/wp-json\/wp\/v2\/categories?post=430539"},{"taxonomy":"post_tag","embeddable":true,"href":"https:\/\/zjarr.tv\/sq\/wp-json\/wp\/v2\/tags?post=430539"}],"curies":[{"name":"wp","href":"https:\/\/api.w.org\/{rel}","templated":true}]}}