{"id":430542,"date":"2026-08-31T11:04:44","date_gmt":"2026-08-31T09:04:44","guid":{"rendered":"https:\/\/zjarr.tv\/?p=430542"},"modified":"2026-08-31T11:04:45","modified_gmt":"2026-08-31T09:04:45","slug":"nen-hetim-nga-spak-per-dosjen-balluku-paraqitet-ne-spak-igli-tare","status":"publish","type":"post","link":"https:\/\/zjarr.tv\/sq\/nen-hetim-nga-spak-per-dosjen-balluku-paraqitet-ne-spak-igli-tare\/","title":{"rendered":"N\u00ebn hetim nga SPAK p\u00ebr dosjen &#8220;Balluku&#8221;, paraqitet n\u00eb SPAK Igli Tare"},"content":{"rendered":"\n<p class=\"wp-block-paragraph\">Ish-futbollisti i Komb\u00ebtares shqiptare, Igli Tare, \u00ebsht\u00eb paraqitur k\u00ebt\u00eb t\u00eb h\u00ebn\u00eb n\u00eb Prokurorin\u00eb e Posa\u00e7me (SPAK), n\u00eb kuad\u00ebr t\u00eb hetimeve q\u00eb lidhen me dosjen e ish-z\u00ebvend\u00ebskryeministres Belinda Balluku.<\/p>\n\n\n\n<p class=\"wp-block-paragraph\">Tare \u00ebsht\u00eb n\u00ebn hetim nga prokuror\u00ebt e posa\u00e7\u00ebm p\u00ebr \u201cpastrim parash\u201d.<\/p>\n\n\n\n<p class=\"wp-block-paragraph\">Paraqitja e ish-futbollistit n\u00eb SPAK vjen pas marrjes n\u00eb pyetje m\u00eb her\u00ebt t\u00eb v\u00ebllait t\u00eb tij, Agron Tares, i cili \u00ebsht\u00eb thirrur nga prokuror\u00ebt e posa\u00e7\u00ebm n\u00eb kuad\u00ebr t\u00eb t\u00eb nj\u00ebjtit hetim.<\/p>\n\n\n\n<p class=\"wp-block-paragraph\">Hetimet jan\u00eb pjes\u00eb e dosjes q\u00eb lidhet me Belinda Ballukun, ish-z\u00ebvend\u00ebskryeministre dhe ish-ministre e Infrastruktur\u00ebs dhe Energjis\u00eb, ku prokuror\u00ebt po hetojn\u00eb veprime dhe marr\u00ebdh\u00ebnie financiare t\u00eb disa personave t\u00eb p\u00ebrfshir\u00eb n\u00eb \u00e7\u00ebshtje.<\/p>\n","protected":false},"excerpt":{"rendered":"<p>Ish-futbollisti i Komb\u00ebtares shqiptare, Igli Tare, \u00ebsht\u00eb paraqitur k\u00ebt\u00eb t\u00eb h\u00ebn\u00eb n\u00eb Prokurorin\u00eb e Posa\u00e7me (SPAK), n\u00eb kuad\u00ebr t\u00eb hetimeve q\u00eb lidhen me dosjen e ish-z\u00ebvend\u00ebskryeministres Belinda Balluku. Tare \u00ebsht\u00eb n\u00ebn hetim nga prokuror\u00ebt e posa\u00e7\u00ebm p\u00ebr \u201cpastrim parash\u201d. Paraqitja e ish-futbollistit n\u00eb SPAK vjen pas marrjes n\u00eb pyetje m\u00eb her\u00ebt t\u00eb v\u00ebllait t\u00eb tij, [&hellip;]<\/p>\n","protected":false},"author":2013,"featured_media":430543,"comment_status":"closed","ping_status":"closed","sticky":false,"template":"","format":"standard","meta":{"footnotes":""},"categories":[241,5380,231,235],"tags":[],"class_list":["post-430542","post","type-post","status-publish","format-standard","has-post-thumbnail","category-aktualitet","category-kryesore","category-lajme","category-vendi"],"_links":{"self":[{"href":"https:\/\/zjarr.tv\/sq\/wp-json\/wp\/v2\/posts\/430542","targetHints":{"allow":["GET"]}}],"collection":[{"href":"https:\/\/zjarr.tv\/sq\/wp-json\/wp\/v2\/posts"}],"about":[{"href":"https:\/\/zjarr.tv\/sq\/wp-json\/wp\/v2\/types\/post"}],"author":[{"embeddable":true,"href":"https:\/\/zjarr.tv\/sq\/wp-json\/wp\/v2\/users\/2013"}],"replies":[{"embeddable":true,"href":"https:\/\/zjarr.tv\/sq\/wp-json\/wp\/v2\/comments?post=430542"}],"version-history":[{"count":1,"href":"https:\/\/zjarr.tv\/sq\/wp-json\/wp\/v2\/posts\/430542\/revisions"}],"predecessor-version":[{"id":430544,"href":"https:\/\/zjarr.tv\/sq\/wp-json\/wp\/v2\/posts\/430542\/revisions\/430544"}],"wp:featuredmedia":[{"embeddable":true,"href":"https:\/\/zjarr.tv\/sq\/wp-json\/wp\/v2\/media\/430543"}],"wp:attachment":[{"href":"https:\/\/zjarr.tv\/sq\/wp-json\/wp\/v2\/media?parent=430542"}],"wp:term":[{"taxonomy":"category","embeddable":true,"href":"https:\/\/zjarr.tv\/sq\/wp-json\/wp\/v2\/categories?post=430542"},{"taxonomy":"post_tag","embeddable":true,"href":"https:\/\/zjarr.tv\/sq\/wp-json\/wp\/v2\/tags?post=430542"}],"curies":[{"name":"wp","href":"https:\/\/api.w.org\/{rel}","templated":true}]}}