{"id":430545,"date":"2026-08-31T11:41:38","date_gmt":"2026-08-31T09:41:38","guid":{"rendered":"https:\/\/zjarr.tv\/?p=430545"},"modified":"2026-08-31T11:41:40","modified_gmt":"2026-08-31T09:41:40","slug":"nga-1-shtatori-reduktohet-flota-e-autobuseve-operatoret-kerkojne-nderhyrje-urgjente-nga-qeveria","status":"publish","type":"post","link":"https:\/\/zjarr.tv\/sq\/nga-1-shtatori-reduktohet-flota-e-autobuseve-operatoret-kerkojne-nderhyrje-urgjente-nga-qeveria\/","title":{"rendered":"Nga 1 shtatori reduktohet flota e autobus\u00ebve, operator\u00ebt k\u00ebrkojn\u00eb nd\u00ebrhyrje urgjente nga qeveria"},"content":{"rendered":"\n<p class=\"wp-block-paragraph\">Nga data 1 shtator, linjat e transportit publik do t\u00eb ulin me 20 deri n\u00eb 30 p\u00ebr qind numrin e mjeteve n\u00eb qarkullim.<\/p>\n\n\n\n<p class=\"wp-block-paragraph\">Njoftimi \u00ebsht\u00eb b\u00ebr\u00eb me dije nga vet\u00eb operator\u00ebt e transportit, t\u00eb cil\u00ebt deklarojn\u00eb se kjo mas\u00eb vjen si pasoj\u00eb e drejtp\u00ebrdrejt\u00eb e pamund\u00ebsis\u00eb financiare p\u00ebr t\u00eb mbuluar kostot e larta t\u00eb operimit, ve\u00e7an\u00ebrisht ato t\u00eb karburantit.<\/p>\n\n\n\n<p class=\"wp-block-paragraph\">Sipas operator\u00ebve, operimi me 100% t\u00eb kapacitetit \u00ebsht\u00eb b\u00ebr\u00eb i pap\u00ebrballuesh\u00ebm, nd\u00ebrsa n\u00ebvizojn\u00eb se ky vendim nuk vjen si munges\u00eb vullneti, por si e vetmja zgjidhje n\u00eb kushtet aktuale.<\/p>\n\n\n\n<p class=\"wp-block-paragraph\">&#8220;<em>P\u00ebr k\u00ebt\u00eb arsye, njoftojm\u00eb se duke filluar nga data 01.09.2026, operator\u00ebt e transportit publik do t\u00eb detyrohen t\u00eb operojn\u00eb me nj\u00eb flot\u00eb t\u00eb reduktuar n\u00eb mas\u00ebn rreth 20\u201330%, n\u00eb var\u00ebsi t\u00eb kapacitetit financiar dhe operacional q\u00eb secili operator ka aktualisht n\u00eb dispozicion. Masa e reduktimit nuk p\u00ebrb\u00ebn nj\u00eb zgjedhje t\u00eb operator\u00ebve dhe as nj\u00eb munges\u00eb vullneti p\u00ebr garantimin e sh\u00ebrbimit normal t\u00eb transportit publik. Ajo \u00ebsht\u00eb nj\u00eb pasoj\u00eb e drejtp\u00ebrdrejt\u00eb e pamund\u00ebsis\u00eb financiare p\u00ebr t\u00eb mbuluar kostot e operimit me flot\u00eb t\u00eb plot\u00eb, sidomos kostot e karburantit, t\u00eb cilat p\u00ebrb\u00ebjn\u00eb nj\u00eb nga z\u00ebrat kryesor\u00eb t\u00eb aktivitetit. Reduktimi i mjeteve n\u00eb qarkullim pritet t\u00eb sjell\u00eb n\u00eb m\u00ebnyr\u00eb t\u00eb pashmangshme ulje t\u00eb frekuenc\u00ebs s\u00eb sh\u00ebrbimit, rritje t\u00eb intervaleve nd\u00ebrmjet mjeteve, mbingarkes\u00eb t\u00eb mjeteve q\u00eb do t\u00eb mbeten n\u00eb qarkullim dhe v\u00ebshtir\u00ebsi p\u00ebr qytetar\u00ebt q\u00eb p\u00ebrdorin \u00e7do dit\u00eb transportin publik&#8221;,&nbsp;<\/em>thuhet n\u00eb nj\u00eb njoftim n\u00eb k\u00ebrkes\u00ebn drejtuar Kryeministris\u00eb.&nbsp;<\/p>\n\n\n\n<p class=\"wp-block-paragraph\"><em>&#8220;N\u00eb k\u00ebto kushte, u k\u00ebrkojm\u00eb institucioneve p\u00ebrgjegj\u00ebse q\u00eb t\u00eb nd\u00ebrhyjn\u00eb me urgjenc\u00eb, t\u00eb japin nj\u00eb p\u00ebrgjigje konkrete mbi k\u00ebrkesat e paraqitura nga operator\u00ebt dhe t\u00eb mund\u00ebsojn\u00eb realizimin e kompensimit t\u00eb parashikuar p\u00ebr kostot e karburantit, si dhe vijimin e mb\u00ebshtetjes p\u00ebr periudh\u00ebn n\u00eb vazhdim. Operator\u00ebt kan\u00eb b\u00ebr\u00eb dhe vijojn\u00eb t\u00eb b\u00ebjn\u00eb \u00e7do p\u00ebrpjekje p\u00ebr t\u00eb garantuar vazhdim\u00ebsin\u00eb e sh\u00ebrbimit, por n\u00eb kushtet aktuale financiare operimi me 100% t\u00eb flot\u00ebs nuk \u00ebsht\u00eb m\u00eb i p\u00ebrballuesh\u00ebm. P\u00ebr sa m\u00eb lart, k\u00ebrkojm\u00eb trajtimin me prioritet dhe urgjenc\u00eb t\u00eb k\u00ebsaj situate, me q\u00ebllim shmangien e p\u00ebrkeq\u00ebsimit t\u00eb m\u00ebtejsh\u00ebm t\u00eb sh\u00ebrbimit t\u00eb transportit publik dhe rikthimin sa m\u00eb par\u00eb t\u00eb kapacitetit t\u00eb plot\u00eb operacional<\/em>&#8220;, vijon njoftimi.&nbsp;<\/p>\n","protected":false},"excerpt":{"rendered":"<p>Nga data 1 shtator, linjat e transportit publik do t\u00eb ulin me 20 deri n\u00eb 30 p\u00ebr qind numrin e mjeteve n\u00eb qarkullim. Njoftimi \u00ebsht\u00eb b\u00ebr\u00eb me dije nga vet\u00eb operator\u00ebt e transportit, t\u00eb cil\u00ebt deklarojn\u00eb se kjo mas\u00eb vjen si pasoj\u00eb e drejtp\u00ebrdrejt\u00eb e pamund\u00ebsis\u00eb financiare p\u00ebr t\u00eb mbuluar kostot e larta t\u00eb operimit, [&hellip;]<\/p>\n","protected":false},"author":2013,"featured_media":430546,"comment_status":"closed","ping_status":"closed","sticky":false,"template":"","format":"standard","meta":{"footnotes":""},"categories":[241,5380,231,235],"tags":[],"class_list":["post-430545","post","type-post","status-publish","format-standard","has-post-thumbnail","category-aktualitet","category-kryesore","category-lajme","category-vendi"],"_links":{"self":[{"href":"https:\/\/zjarr.tv\/sq\/wp-json\/wp\/v2\/posts\/430545","targetHints":{"allow":["GET"]}}],"collection":[{"href":"https:\/\/zjarr.tv\/sq\/wp-json\/wp\/v2\/posts"}],"about":[{"href":"https:\/\/zjarr.tv\/sq\/wp-json\/wp\/v2\/types\/post"}],"author":[{"embeddable":true,"href":"https:\/\/zjarr.tv\/sq\/wp-json\/wp\/v2\/users\/2013"}],"replies":[{"embeddable":true,"href":"https:\/\/zjarr.tv\/sq\/wp-json\/wp\/v2\/comments?post=430545"}],"version-history":[{"count":1,"href":"https:\/\/zjarr.tv\/sq\/wp-json\/wp\/v2\/posts\/430545\/revisions"}],"predecessor-version":[{"id":430547,"href":"https:\/\/zjarr.tv\/sq\/wp-json\/wp\/v2\/posts\/430545\/revisions\/430547"}],"wp:featuredmedia":[{"embeddable":true,"href":"https:\/\/zjarr.tv\/sq\/wp-json\/wp\/v2\/media\/430546"}],"wp:attachment":[{"href":"https:\/\/zjarr.tv\/sq\/wp-json\/wp\/v2\/media?parent=430545"}],"wp:term":[{"taxonomy":"category","embeddable":true,"href":"https:\/\/zjarr.tv\/sq\/wp-json\/wp\/v2\/categories?post=430545"},{"taxonomy":"post_tag","embeddable":true,"href":"https:\/\/zjarr.tv\/sq\/wp-json\/wp\/v2\/tags?post=430545"}],"curies":[{"name":"wp","href":"https:\/\/api.w.org\/{rel}","templated":true}]}}