{"id":430548,"date":"2026-08-31T12:04:06","date_gmt":"2026-08-31T10:04:06","guid":{"rendered":"https:\/\/zjarr.tv\/?p=430548"},"modified":"2026-08-31T12:04:14","modified_gmt":"2026-08-31T10:04:14","slug":"keshilli-bashkiak-i-klosit-voton-kunder-bashkimit-me-burrelin","status":"publish","type":"post","link":"https:\/\/zjarr.tv\/sq\/keshilli-bashkiak-i-klosit-voton-kunder-bashkimit-me-burrelin\/","title":{"rendered":"K\u00ebshilli Bashkiak i Klosit voton kund\u00ebr bashkimit me Burrelin"},"content":{"rendered":"\n<p class=\"wp-block-paragraph\">K\u00ebshilli Bashkiak i Klosit \u00ebsh\u00eb mbledhur k\u00ebt\u00eb t\u00eb h\u00ebn\u00eb, ku n\u00eb rendin e dit\u00ebs ishte \u00e7\u00ebshtja e bashkimit t\u00eb Bashkis\u00eb Klos me Bashkin\u00eb Burrel.<\/p>\n\n\n\n<p class=\"wp-block-paragraph\">Nga 21 k\u00ebshilltar\u00eb q\u00eb ka gjithsej K\u00ebshilli Bashkiak, n\u00eb mbledhje mor\u00ebn pjes\u00eb 13. N\u00eb p\u00ebrfundim t\u00eb votimit, 12 k\u00ebshilltar\u00eb votuan kund\u00ebr bashkimit t\u00eb Klosit me Burrelin, nd\u00ebrsa nj\u00eb k\u00ebshilltar votoi pro.<\/p>\n\n\n\n<p class=\"wp-block-paragraph\">K\u00ebshtu, shumica e k\u00ebshilltar\u00ebve t\u00eb pranish\u00ebm shpreh\u00ebn kund\u00ebrshtimin e tyre ndaj bashkimit t\u00eb Klosit me Burrelin.<\/p>\n","protected":false},"excerpt":{"rendered":"<p>K\u00ebshilli Bashkiak i Klosit \u00ebsh\u00eb mbledhur k\u00ebt\u00eb t\u00eb h\u00ebn\u00eb, ku n\u00eb rendin e dit\u00ebs ishte \u00e7\u00ebshtja e bashkimit t\u00eb Bashkis\u00eb Klos me Bashkin\u00eb Burrel. Nga 21 k\u00ebshilltar\u00eb q\u00eb ka gjithsej K\u00ebshilli Bashkiak, n\u00eb mbledhje mor\u00ebn pjes\u00eb 13. N\u00eb p\u00ebrfundim t\u00eb votimit, 12 k\u00ebshilltar\u00eb votuan kund\u00ebr bashkimit t\u00eb Klosit me Burrelin, nd\u00ebrsa nj\u00eb k\u00ebshilltar votoi pro. [&hellip;]<\/p>\n","protected":false},"author":2013,"featured_media":430549,"comment_status":"closed","ping_status":"closed","sticky":false,"template":"","format":"standard","meta":{"footnotes":""},"categories":[241,5380,231,1454,235],"tags":[],"class_list":["post-430548","post","type-post","status-publish","format-standard","has-post-thumbnail","category-aktualitet","category-kryesore","category-lajme","category-politike","category-vendi"],"_links":{"self":[{"href":"https:\/\/zjarr.tv\/sq\/wp-json\/wp\/v2\/posts\/430548","targetHints":{"allow":["GET"]}}],"collection":[{"href":"https:\/\/zjarr.tv\/sq\/wp-json\/wp\/v2\/posts"}],"about":[{"href":"https:\/\/zjarr.tv\/sq\/wp-json\/wp\/v2\/types\/post"}],"author":[{"embeddable":true,"href":"https:\/\/zjarr.tv\/sq\/wp-json\/wp\/v2\/users\/2013"}],"replies":[{"embeddable":true,"href":"https:\/\/zjarr.tv\/sq\/wp-json\/wp\/v2\/comments?post=430548"}],"version-history":[{"count":1,"href":"https:\/\/zjarr.tv\/sq\/wp-json\/wp\/v2\/posts\/430548\/revisions"}],"predecessor-version":[{"id":430550,"href":"https:\/\/zjarr.tv\/sq\/wp-json\/wp\/v2\/posts\/430548\/revisions\/430550"}],"wp:featuredmedia":[{"embeddable":true,"href":"https:\/\/zjarr.tv\/sq\/wp-json\/wp\/v2\/media\/430549"}],"wp:attachment":[{"href":"https:\/\/zjarr.tv\/sq\/wp-json\/wp\/v2\/media?parent=430548"}],"wp:term":[{"taxonomy":"category","embeddable":true,"href":"https:\/\/zjarr.tv\/sq\/wp-json\/wp\/v2\/categories?post=430548"},{"taxonomy":"post_tag","embeddable":true,"href":"https:\/\/zjarr.tv\/sq\/wp-json\/wp\/v2\/tags?post=430548"}],"curies":[{"name":"wp","href":"https:\/\/api.w.org\/{rel}","templated":true}]}}