{"id":430551,"date":"2026-08-31T12:54:43","date_gmt":"2026-08-31T10:54:43","guid":{"rendered":"https:\/\/zjarr.tv\/?p=430551"},"modified":"2026-08-31T12:54:48","modified_gmt":"2026-08-31T10:54:48","slug":"zbardhet-data-ora-dhe-vendi-rama-mbledh-grupin-parlamentar-te-ps-se-dhe-qeverine","status":"publish","type":"post","link":"https:\/\/zjarr.tv\/sq\/zbardhet-data-ora-dhe-vendi-rama-mbledh-grupin-parlamentar-te-ps-se-dhe-qeverine\/","title":{"rendered":"Zbardhet data, ora dhe vendi! Rama mbledh Grupin Parlamentar t\u00eb PS-s\u00eb dhe qeverin\u00eb"},"content":{"rendered":"\n<p class=\"wp-block-paragraph\">Kryeministri Edi Rama, nj\u00ebkoh\u00ebsisht edhe kreu i PS-s\u00eb Edi Rama, pas takimeve t\u00eb zhvilluara me ministrat dhe drejtuesit poltik t\u00eb PS-s\u00eb n\u00eb Pogradec dhe Sauk, raportohet se t\u00eb enjten e 3 shtatorit do t\u00eb mbledh\u00eb edhe Grupin Parlamentar me qeverin\u00eb.<\/p>\n\n\n\n<p class=\"wp-block-paragraph\">B\u00ebhet me dije se takimi do t\u00eb mbahet n\u00eb or\u00ebn 10:00 n\u00eb Pallartin e Brigadave. M\u00ebsohet se pjes\u00eb e diskutimeve n\u00eb k\u00ebt\u00eb mbledhje do t\u00eb jet\u00eb \u201cPranin\u00eb Besnike\u201d.<\/p>\n\n\n\n<p class=\"wp-block-paragraph\">Njoftimi p\u00ebr k\u00ebt\u00eb mbledhje \u00ebsht\u00eb d\u00ebrguar deputet\u00ebve nga kreu i Grupit Parlamentar Taulant Balla dhe zhvillohet n\u00eb nisje t\u00eb sezonit t\u00eb ri poltik.<\/p>\n\n\n\n<p class=\"wp-block-paragraph\">Po ashtu n\u00eb 12 shtator raportohet se Partia Socialiste do t\u00eb mbaj\u00eb Asamblen\u00eb Komb\u00ebtare, ku ka z\u00ebra q\u00eb Rama mund t\u00eb b\u00ebj\u00eb ndryshime n\u00eb kabinetin qeveritar.<\/p>\n\n\n\n<p class=\"wp-block-paragraph\">Kujtojm\u00eb q\u00eb premten, Rama mblodhi n\u00eb Sauk ministrat dhe drejtuesit politik t\u00eb PS-s\u00eb n\u00eb qarqe, ku m\u00ebsohet se i ka l\u00ebn\u00eb porosi q\u00eb t\u00eb ken\u00eb n\u00eb fokus platform\u00ebn \u201cPasqyr\u00eb Albania\u201d, e cila \u00ebsht\u00eb nj\u00eb platform\u00eb e re qeveritare q\u00eb synon mbledhjen, trajtimin dhe ndjekjen n\u00eb koh\u00eb reale t\u00eb ankesave dhe k\u00ebrkesave t\u00eb qytetar\u00ebve ndaj administrat\u00ebs publike.<\/p>\n\n\n\n<p class=\"wp-block-paragraph\">Gjithashtu nj\u00eb r\u00ebnd\u00ebsi t\u00eb ve\u00e7ant\u00eb, kreu i qeveris\u00eb iu ka k\u00ebkuar t\u00eb pranishm\u00ebve n\u00eb takim t\u2019i kushtojn\u00eb edhe dokumentit strategjik \u2018\u2019Besa\u2019\u2019.<\/p>\n","protected":false},"excerpt":{"rendered":"<p>Kryeministri Edi Rama, nj\u00ebkoh\u00ebsisht edhe kreu i PS-s\u00eb Edi Rama, pas takimeve t\u00eb zhvilluara me ministrat dhe drejtuesit poltik t\u00eb PS-s\u00eb n\u00eb Pogradec dhe Sauk, raportohet se t\u00eb enjten e 3 shtatorit do t\u00eb mbledh\u00eb edhe Grupin Parlamentar me qeverin\u00eb. B\u00ebhet me dije se takimi do t\u00eb mbahet n\u00eb or\u00ebn 10:00 n\u00eb Pallartin e Brigadave. [&hellip;]<\/p>\n","protected":false},"author":2013,"featured_media":430552,"comment_status":"closed","ping_status":"closed","sticky":false,"template":"","format":"standard","meta":{"footnotes":""},"categories":[241,5380,231,1454,235],"tags":[],"class_list":["post-430551","post","type-post","status-publish","format-standard","has-post-thumbnail","category-aktualitet","category-kryesore","category-lajme","category-politike","category-vendi"],"_links":{"self":[{"href":"https:\/\/zjarr.tv\/sq\/wp-json\/wp\/v2\/posts\/430551","targetHints":{"allow":["GET"]}}],"collection":[{"href":"https:\/\/zjarr.tv\/sq\/wp-json\/wp\/v2\/posts"}],"about":[{"href":"https:\/\/zjarr.tv\/sq\/wp-json\/wp\/v2\/types\/post"}],"author":[{"embeddable":true,"href":"https:\/\/zjarr.tv\/sq\/wp-json\/wp\/v2\/users\/2013"}],"replies":[{"embeddable":true,"href":"https:\/\/zjarr.tv\/sq\/wp-json\/wp\/v2\/comments?post=430551"}],"version-history":[{"count":1,"href":"https:\/\/zjarr.tv\/sq\/wp-json\/wp\/v2\/posts\/430551\/revisions"}],"predecessor-version":[{"id":430553,"href":"https:\/\/zjarr.tv\/sq\/wp-json\/wp\/v2\/posts\/430551\/revisions\/430553"}],"wp:featuredmedia":[{"embeddable":true,"href":"https:\/\/zjarr.tv\/sq\/wp-json\/wp\/v2\/media\/430552"}],"wp:attachment":[{"href":"https:\/\/zjarr.tv\/sq\/wp-json\/wp\/v2\/media?parent=430551"}],"wp:term":[{"taxonomy":"category","embeddable":true,"href":"https:\/\/zjarr.tv\/sq\/wp-json\/wp\/v2\/categories?post=430551"},{"taxonomy":"post_tag","embeddable":true,"href":"https:\/\/zjarr.tv\/sq\/wp-json\/wp\/v2\/tags?post=430551"}],"curies":[{"name":"wp","href":"https:\/\/api.w.org\/{rel}","templated":true}]}}