{"id":430557,"date":"2026-08-31T13:55:56","date_gmt":"2026-08-31T11:55:56","guid":{"rendered":"https:\/\/zjarr.tv\/?p=430557"},"modified":"2026-08-31T13:56:00","modified_gmt":"2026-08-31T11:56:00","slug":"arrihet-marreveshja-per-presidentin-e-kosoves-vv-dhe-ldk-dalin-me-emrin-e-perbashket","status":"publish","type":"post","link":"https:\/\/zjarr.tv\/sq\/arrihet-marreveshja-per-presidentin-e-kosoves-vv-dhe-ldk-dalin-me-emrin-e-perbashket\/","title":{"rendered":"Arrihet marr\u00ebveshja p\u00ebr Presidentin e Kosov\u00ebs, VV dhe LDK dalin me emrin e p\u00ebrbashk\u00ebt"},"content":{"rendered":"\n<p class=\"wp-block-paragraph\">Pas nj\u00eb krize t\u00eb zgjatur politike dhe tre proceseve zgjedhore t\u00eb p\u00ebrs\u00ebritura, Vet\u00ebvendosje dhe Lidhja Demokratike e Kosov\u00ebs kan\u00eb arritur nj\u00eb marr\u00ebveshje p\u00ebr zhbllokimin e procesit t\u00eb zgjedhjes s\u00eb Presidentit t\u00eb Kosov\u00ebs.<\/p>\n\n\n\n<p class=\"wp-block-paragraph\">Pal\u00ebt kan\u00eb r\u00ebn\u00eb dakord t\u00eb dalin me nj\u00eb kandidatur\u00eb t\u00eb p\u00ebrbashk\u00ebt, duke propozuar ish-ambasadorin Bekim Sejdiu p\u00ebr postin e Presidentit t\u00eb Republik\u00ebs.<\/p>\n\n\n\n<p class=\"wp-block-paragraph\">Marr\u00ebveshja mes dy subjekteve politike vjen pas muajsh p\u00ebrplasjesh dhe d\u00ebshtimesh p\u00ebr t\u00eb siguruar konsensusin e nevojsh\u00ebm n\u00eb Kuvend. Kriza institucionale kishte \u00e7uar vendin drejt p\u00ebrs\u00ebritjes s\u00eb zgjedhjeve n\u00eb tre raste, nd\u00ebrsa zgjedhja e kreut t\u00eb shtetit ishte kthyer n\u00eb pik\u00ebn kryesore t\u00eb ng\u00ebr\u00e7it politik.<\/p>\n\n\n\n<p class=\"wp-block-paragraph\">Ish-ambasadori Bekim Sejdiu, me p\u00ebrvoj\u00eb n\u00eb diplomaci dhe marr\u00ebdh\u00ebnie nd\u00ebrkomb\u00ebtare, pritet t\u00eb jet\u00eb emri mbi t\u00eb cilin VV dhe LDK do t\u00eb k\u00ebrkojn\u00eb mb\u00ebshtetjen e deputet\u00ebve n\u00eb Kuvend.<\/p>\n\n\n\n<p class=\"wp-block-paragraph\">Tashm\u00eb pritet q\u00eb marr\u00ebveshja politike t\u00eb konkretizohet n\u00eb Kuvend, ku do t\u00eb testohet n\u00ebse dy partit\u00eb arrijn\u00eb t\u00eb sigurojn\u00eb votat e nevojshme p\u00ebr zgjedhjen e Presidentit.<\/p>\n\n\n\n<p class=\"wp-block-paragraph\">Pas tre cikleve zgjedhore dhe nj\u00eb krize t\u00eb p\u00ebrs\u00ebritur politike, marr\u00ebveshja mes VV dhe LDK synon t\u2019i jap\u00eb fund ng\u00ebr\u00e7it institucional dhe t\u2019i hap\u00eb rrug\u00eb funksionimit normal t\u00eb institucioneve t\u00eb Kosov\u00ebs.<\/p>\n\n\n\n<p class=\"wp-block-paragraph\">Bekim Sejdiu pritet k\u00ebshtu t\u00eb jet\u00eb emri i kompromisit q\u00eb mund t\u00eb mbyll\u00eb kriz\u00ebn e Presidentit dhe t\u00eb rikthej\u00eb stabilitetin institucional n\u00eb Kosov\u00eb.<\/p>\n\n\n\n<p class=\"wp-block-paragraph\"><ins><a href=\"https:\/\/ads.euronews.al\/www\/delivery\/cl.php?bannerid=143&amp;zoneid=75&amp;sig=6a800e33d99a6bb79e533a54228c95feb261f93a556f84359dbf3391ad227bc1&amp;dest=https%3A%2F%2Fwww.fibank.al%2Fen%2Findivide%2Fdepozita-dhe-investime%2Fdepozita%2Fdepozite-me-afat-%2522kursimet-e-viteve-te-arta-2026%2522%2F\" target=\"_blank\" rel=\"noreferrer noopener\"><\/a><\/ins><\/p>\n","protected":false},"excerpt":{"rendered":"<p>Pas nj\u00eb krize t\u00eb zgjatur politike dhe tre proceseve zgjedhore t\u00eb p\u00ebrs\u00ebritura, Vet\u00ebvendosje dhe Lidhja Demokratike e Kosov\u00ebs kan\u00eb arritur nj\u00eb marr\u00ebveshje p\u00ebr zhbllokimin e procesit t\u00eb zgjedhjes s\u00eb Presidentit t\u00eb Kosov\u00ebs. Pal\u00ebt kan\u00eb r\u00ebn\u00eb dakord t\u00eb dalin me nj\u00eb kandidatur\u00eb t\u00eb p\u00ebrbashk\u00ebt, duke propozuar ish-ambasadorin Bekim Sejdiu p\u00ebr postin e Presidentit t\u00eb Republik\u00ebs. Marr\u00ebveshja [&hellip;]<\/p>\n","protected":false},"author":2013,"featured_media":430558,"comment_status":"closed","ping_status":"closed","sticky":false,"template":"","format":"standard","meta":{"footnotes":""},"categories":[241,6029,5380,231,1454],"tags":[],"class_list":["post-430557","post","type-post","status-publish","format-standard","has-post-thumbnail","category-aktualitet","category-kosova-en","category-kryesore","category-lajme","category-politike"],"_links":{"self":[{"href":"https:\/\/zjarr.tv\/sq\/wp-json\/wp\/v2\/posts\/430557","targetHints":{"allow":["GET"]}}],"collection":[{"href":"https:\/\/zjarr.tv\/sq\/wp-json\/wp\/v2\/posts"}],"about":[{"href":"https:\/\/zjarr.tv\/sq\/wp-json\/wp\/v2\/types\/post"}],"author":[{"embeddable":true,"href":"https:\/\/zjarr.tv\/sq\/wp-json\/wp\/v2\/users\/2013"}],"replies":[{"embeddable":true,"href":"https:\/\/zjarr.tv\/sq\/wp-json\/wp\/v2\/comments?post=430557"}],"version-history":[{"count":1,"href":"https:\/\/zjarr.tv\/sq\/wp-json\/wp\/v2\/posts\/430557\/revisions"}],"predecessor-version":[{"id":430559,"href":"https:\/\/zjarr.tv\/sq\/wp-json\/wp\/v2\/posts\/430557\/revisions\/430559"}],"wp:featuredmedia":[{"embeddable":true,"href":"https:\/\/zjarr.tv\/sq\/wp-json\/wp\/v2\/media\/430558"}],"wp:attachment":[{"href":"https:\/\/zjarr.tv\/sq\/wp-json\/wp\/v2\/media?parent=430557"}],"wp:term":[{"taxonomy":"category","embeddable":true,"href":"https:\/\/zjarr.tv\/sq\/wp-json\/wp\/v2\/categories?post=430557"},{"taxonomy":"post_tag","embeddable":true,"href":"https:\/\/zjarr.tv\/sq\/wp-json\/wp\/v2\/tags?post=430557"}],"curies":[{"name":"wp","href":"https:\/\/api.w.org\/{rel}","templated":true}]}}