{"id":430566,"date":"2026-09-01T09:50:02","date_gmt":"2026-09-01T07:50:02","guid":{"rendered":"https:\/\/zjarr.tv\/?p=430566"},"modified":"2026-09-01T09:50:10","modified_gmt":"2026-09-01T07:50:10","slug":"shqiperia-nje-fshat-i-madh-vetem-6-bashki-klasifikohen-si-qytet","status":"publish","type":"post","link":"https:\/\/zjarr.tv\/sq\/shqiperia-nje-fshat-i-madh-vetem-6-bashki-klasifikohen-si-qytet\/","title":{"rendered":"Shqip\u00ebria, nj\u00eb \u201cfshat i madh\u201d, vet\u00ebm 6 bashki klasifikohen si \u201cqytet\u201d"},"content":{"rendered":"\n<p class=\"wp-block-paragraph\">Kamza \u00ebsht\u00eb bashkia m\u00eb e urbanizuar n\u00eb Shqip\u00ebri, me 99% t\u00eb popullsis\u00eb q\u00eb jeton n\u00eb vendbanime t\u00eb klasifikuara si urbane, nd\u00ebrsa Tirana renditet e dyta me 93,2% dhe Durr\u00ebsi e treta me 84,5%.<\/p>\n\n\n\n<p class=\"wp-block-paragraph\">N\u00eb skajin tjet\u00ebr, nj\u00eb pjes\u00eb e madhe e bashkive rezultojn\u00eb pa nj\u00eb b\u00ebrtham\u00eb urbane q\u00eb plot\u00ebson kriteret nd\u00ebrkomb\u00ebtare t\u00eb klasifikimit me rreth 5 mij\u00eb banor\u00eb<\/p>\n\n\n\n<p class=\"wp-block-paragraph\">Renditja del nga Raporti P\u00ebrfundimtar p\u00ebr Reform\u00ebn Administrativo-Territoriale 2.0, i cili p\u00ebrdor metodologjin\u00eb DEGURBA dhe t\u00eb dh\u00ebnat e Censit 2023 p\u00ebr t\u00eb matur struktur\u00ebn reale t\u00eb vendbanimit n\u00eb secil\u00ebn bashki.<\/p>\n\n\n\n<p class=\"wp-block-paragraph\">Pas Kamz\u00ebs, Tiran\u00ebs dhe Durr\u00ebsit, normat m\u00eb t\u00eb larta t\u00eb urbanizimit regjistrohen n\u00eb Vlor\u00eb, me 81%, Sarand\u00eb, me 78,6%, Gjirokast\u00ebr, me 76,4%, Kor\u00e7\u00eb, me 76,1% dhe Shkod\u00ebr, me 74,2%.<\/p>\n\n\n\n<p class=\"wp-block-paragraph\">Edhe Berati, Ku\u00e7ova dhe Elbasani kan\u00eb mbi 70% t\u00eb popullsis\u00eb n\u00eb vendbanime urbane, nd\u00ebrsa Vora arrin 64%, Shijaku 62,6% dhe Pogradeci 59,1%.<\/p>\n\n\n\n<p class=\"wp-block-paragraph\">Tabloja ndryshon ndjesh\u00ebm n\u00eb pjes\u00ebn tjet\u00ebr t\u00eb territorit. Nj\u00eb grup i madh bashkish ka norma shum\u00eb t\u00eb ul\u00ebta ose zero urbanizimi.<\/p>\n\n\n\n<p class=\"wp-block-paragraph\">Mes tyre jan\u00eb Himara, P\u00ebrmeti, Tepelena, Delvina, Konispoli, Selenica, Divjaka, Mirdita, Puka, Fush\u00eb-Arr\u00ebza, Tropoja dhe Hasi, pasi qendrat administrative nuk e kan\u00eb nj\u00eb popullsi b\u00ebrtham\u00eb 5 mij\u00eb banor\u00eb. Raporti shpjegon se norma zero nuk do t\u00eb thot\u00eb se bashkia nuk ka nj\u00eb qend\u00ebr administrative apo vendbanime t\u00eb njohura si qytete n\u00eb kuptimin tradicional.<\/p>\n\n\n\n<p class=\"wp-block-paragraph\">Rasti m\u00eb ilustrues \u00ebsht\u00eb Himara. Pavar\u00ebsisht profilit t\u00eb saj t\u00eb fort\u00eb turistik dhe bregdetar, vendbanimet nuk formojn\u00eb nj\u00eb grupim t\u00eb lidhur me mbi 5 mij\u00eb banor\u00eb sipas pragut t\u00eb metodologjis\u00eb, ndaj norma e urbanizimit rezulton 0%.<\/p>\n\n\n\n<p class=\"wp-block-paragraph\">T\u00eb dh\u00ebnat nxjerrin n\u00eb pah polarizimin e fort\u00eb territorial t\u00eb Shqip\u00ebris\u00eb, ku nga nj\u00ebra an\u00eb q\u00ebndron kryeqyteti, korridori metropolitan dhe disa qendra rajonale t\u00eb konsoliduara, nga ana tjet\u00ebr, nj\u00eb pjes\u00eb e konsiderueshme e bashkive funksionojn\u00eb si territore me shum\u00eb vendbanime t\u00eb vogla e t\u00eb shp\u00ebrndara dhe pa nj\u00eb b\u00ebrtham\u00eb urbane dominuese.<\/p>\n\n\n\n<p class=\"wp-block-paragraph\">Raporti vler\u00ebson se vet\u00ebm 6 bashki klasifikohen kryesisht si \u201cqytet\u201d, 13 si \u201cqytez\u00eb dhe periferi\u201d, nd\u00ebrsa 42 bashki, rreth dy t\u00eb tretat e sistemit vendor, kan\u00eb karakter mbizot\u00ebrues rural.<\/p>\n\n\n\n<p class=\"wp-block-paragraph\">Kjo ndarje ka ndikim t\u00eb drejtp\u00ebrdrejt\u00eb edhe n\u00eb organizimin e sh\u00ebrbimeve publike. N\u00eb bashkit\u00eb me popullsi t\u00eb shp\u00ebrndar\u00eb, distancat, infrastruktura dhe kostot fikse e b\u00ebjn\u00eb m\u00eb t\u00eb kushtuesh\u00ebm ofrimin e sh\u00ebrbimeve p\u00ebr banor, nd\u00ebrsa qendrat m\u00eb t\u00eb urbanizuara p\u00ebrballen me presion m\u00eb t\u00eb madh mbi transportin, strehimin dhe infrastruktur\u00ebn.\/ Monitor<\/p>\n","protected":false},"excerpt":{"rendered":"<p>Kamza \u00ebsht\u00eb bashkia m\u00eb e urbanizuar n\u00eb Shqip\u00ebri, me 99% t\u00eb popullsis\u00eb q\u00eb jeton n\u00eb vendbanime t\u00eb klasifikuara si urbane, nd\u00ebrsa Tirana renditet e dyta me 93,2% dhe Durr\u00ebsi e treta me 84,5%. N\u00eb skajin tjet\u00ebr, nj\u00eb pjes\u00eb e madhe e bashkive rezultojn\u00eb pa nj\u00eb b\u00ebrtham\u00eb urbane q\u00eb plot\u00ebson kriteret nd\u00ebrkomb\u00ebtare t\u00eb klasifikimit me rreth [&hellip;]<\/p>\n","protected":false},"author":2013,"featured_media":430567,"comment_status":"closed","ping_status":"closed","sticky":false,"template":"","format":"standard","meta":{"footnotes":""},"categories":[241,5380,231,235],"tags":[],"class_list":["post-430566","post","type-post","status-publish","format-standard","has-post-thumbnail","category-aktualitet","category-kryesore","category-lajme","category-vendi"],"_links":{"self":[{"href":"https:\/\/zjarr.tv\/sq\/wp-json\/wp\/v2\/posts\/430566","targetHints":{"allow":["GET"]}}],"collection":[{"href":"https:\/\/zjarr.tv\/sq\/wp-json\/wp\/v2\/posts"}],"about":[{"href":"https:\/\/zjarr.tv\/sq\/wp-json\/wp\/v2\/types\/post"}],"author":[{"embeddable":true,"href":"https:\/\/zjarr.tv\/sq\/wp-json\/wp\/v2\/users\/2013"}],"replies":[{"embeddable":true,"href":"https:\/\/zjarr.tv\/sq\/wp-json\/wp\/v2\/comments?post=430566"}],"version-history":[{"count":1,"href":"https:\/\/zjarr.tv\/sq\/wp-json\/wp\/v2\/posts\/430566\/revisions"}],"predecessor-version":[{"id":430568,"href":"https:\/\/zjarr.tv\/sq\/wp-json\/wp\/v2\/posts\/430566\/revisions\/430568"}],"wp:featuredmedia":[{"embeddable":true,"href":"https:\/\/zjarr.tv\/sq\/wp-json\/wp\/v2\/media\/430567"}],"wp:attachment":[{"href":"https:\/\/zjarr.tv\/sq\/wp-json\/wp\/v2\/media?parent=430566"}],"wp:term":[{"taxonomy":"category","embeddable":true,"href":"https:\/\/zjarr.tv\/sq\/wp-json\/wp\/v2\/categories?post=430566"},{"taxonomy":"post_tag","embeddable":true,"href":"https:\/\/zjarr.tv\/sq\/wp-json\/wp\/v2\/tags?post=430566"}],"curies":[{"name":"wp","href":"https:\/\/api.w.org\/{rel}","templated":true}]}}