{"id":430575,"date":"2026-09-01T11:55:20","date_gmt":"2026-09-01T09:55:20","guid":{"rendered":"https:\/\/zjarr.tv\/?p=430575"},"modified":"2026-09-01T11:55:22","modified_gmt":"2026-09-01T09:55:22","slug":"andi-bushati-me-kete-regjim-nuk-shtyhet-me","status":"publish","type":"post","link":"https:\/\/zjarr.tv\/sq\/andi-bushati-me-kete-regjim-nuk-shtyhet-me\/","title":{"rendered":"Andi Bushati: Me k\u00ebt\u00eb regjim nuk shtyhet m\u00eb"},"content":{"rendered":"\n<p class=\"wp-block-paragraph\">Analisti Andi Bushati ka komentuar val\u00ebn e protestave kund\u00ebr qeveris\u00eb dhe e ka cil\u00ebsuar at\u00eb si nj\u00eb shprehje t\u00eb nj\u00eb pak\u00ebnaq\u00ebsie t\u00eb thell\u00eb q\u00eb, sipas tij, tashm\u00eb ka kap\u00ebrcyer kufijt\u00eb e pak\u00ebnaq\u00ebsis\u00eb s\u00eb zakonshme politike.<\/p>\n\n\n\n<p class=\"wp-block-paragraph\">I ftuar n\u00eb \u201cNow me Erla M\u00ebhillin\u201d, Bushati deklaroi se nj\u00eb num\u00ebr i madh qytetar\u00ebsh e kan\u00eb kuptuar se \u201cme k\u00ebt\u00eb regjim nuk shtyhet m\u00eb\u201d, nd\u00ebrsa shtoi se r\u00ebnd\u00ebsia e protest\u00ebs nuk duhet t\u00eb matet vet\u00ebm me faktin n\u00ebse ajo arrin apo jo t\u00eb rr\u00ebzoj\u00eb Edi Ram\u00ebn.<\/p>\n\n\n\n<p class=\"wp-block-paragraph\">\u201c<em>Protesta na ka treguar q\u00eb me qeverin\u00eb Rama n\u00eb ve\u00e7anti dhe me k\u00ebt\u00eb klas\u00eb politike n\u00eb p\u00ebrgjith\u00ebsi, njer\u00ebzit jan\u00eb t\u00eb st\u00ebrlodhur. N\u00eb k\u00ebt\u00eb vend ka nj\u00eb pak\u00ebnaq\u00ebsi ekstreme. \u00cbsht\u00eb nj\u00eb mas\u00eb e st\u00ebrmadhe shqiptar\u00ebsh q\u00eb kan\u00eb kuptuar q\u00eb mjaft \u00ebsht\u00eb mjaft dhe me k\u00ebt\u00eb regjim nuk shtyhet m\u00eb, sepse jeta e tyre po b\u00ebhet m\u00eb keq. Dhe n\u00eb k\u00ebt\u00eb kuptim, pavar\u00ebsisht nga sasia e dit\u00ebve q\u00eb dalin, protesta e ka arritur q\u00ebllimin. K\u00ebrkesat jan\u00eb drejtuar ndaj Ram\u00ebs.<\/em><\/p>\n\n\n\n<p class=\"wp-block-paragraph\"><em>\u00c7far\u00eb ndodh n\u00eb vendet demokratike? Lider\u00ebt, kur shohin q\u00eb njer\u00ebzit jan\u00eb t\u00eb pak\u00ebnaqur me ta, largohen ose presin zgjedhjet dhe largohen me vot\u00eb. N\u00eb k\u00ebt\u00eb vend, ku jan\u00eb suprimuar zgjedhjet, edhe sikur dy milion\u00eb shqiptar\u00eb t\u00eb dalin n\u00eb shesh, qeveria s\u2019ka pse t\u00eb jap\u00eb dor\u00ebheqje. K\u00ebshtu q\u00eb suksesi i protest\u00ebs nuk varet nga m\u00ebnyra si do reagoj\u00eb qeveria, sepse qeveria dihet q\u00eb do vazhdoj\u00eb t\u00eb vjedh\u00eb dhe do vazhdoj\u00eb, n\u00eb fund, p\u00ebr t\u00eb fshehur vjedhjet, t\u00eb vjedh\u00eb votat. Pra, edhe po dol\u00ebn n\u00eb shtator dhe po ishin pak, dhe po u b\u00ebn\u00eb aq shum\u00eb sa ishin, s\u2019besoj se do kemi mesazh m\u00eb t\u00eb madh se ky q\u00eb \u00ebsht\u00eb dh\u00ebn\u00eb.<\/em><\/p>\n\n\n\n<p class=\"wp-block-paragraph\"><em>Prandaj, protesta, them un\u00eb, nuk matet me suksesin e saj me rr\u00ebzimin e Ram\u00ebs. Protesta e pati suksesin, se ndryshe nga diskursi i djesh\u00ebm, ku thuhej se njer\u00ebzit nuk votojn\u00eb p\u00ebr Saliun dhe Qorin, at\u00ebher\u00eb Rama \u00ebsht\u00eb m\u00eb i miri, tani kemi nj\u00eb forc\u00eb njer\u00ebzish q\u00eb thon\u00eb q\u00eb jo, Rama, q\u00eb nuk ishte m\u00eb i miri, por \u00ebsht\u00eb m\u00eb i keqi dhe i pari q\u00eb ne nuk e duam t\u00eb vendos\u00eb p\u00ebr jet\u00ebn ton\u00eb.<\/em><\/p>\n\n\n\n<p class=\"wp-block-paragraph\"><em>Kaq ka q\u00ebllim protesta. Q\u00ebllimet e tjera i p\u00ebrmbushin revolucionet. Nuk mund t\u00eb b\u00ebhet me protest\u00eb<\/em>\u201d, tha ai.<\/p>\n","protected":false},"excerpt":{"rendered":"<p>Analisti Andi Bushati ka komentuar val\u00ebn e protestave kund\u00ebr qeveris\u00eb dhe e ka cil\u00ebsuar at\u00eb si nj\u00eb shprehje t\u00eb nj\u00eb pak\u00ebnaq\u00ebsie t\u00eb thell\u00eb q\u00eb, sipas tij, tashm\u00eb ka kap\u00ebrcyer kufijt\u00eb e pak\u00ebnaq\u00ebsis\u00eb s\u00eb zakonshme politike. I ftuar n\u00eb \u201cNow me Erla M\u00ebhillin\u201d, Bushati deklaroi se nj\u00eb num\u00ebr i madh qytetar\u00ebsh e kan\u00eb kuptuar se \u201cme [&hellip;]<\/p>\n","protected":false},"author":2013,"featured_media":430576,"comment_status":"closed","ping_status":"closed","sticky":false,"template":"","format":"standard","meta":{"footnotes":""},"categories":[241,364,5380,231,1454,235],"tags":[],"class_list":["post-430575","post","type-post","status-publish","format-standard","has-post-thumbnail","category-aktualitet","category-koment-opinion","category-kryesore","category-lajme","category-politike","category-vendi"],"_links":{"self":[{"href":"https:\/\/zjarr.tv\/sq\/wp-json\/wp\/v2\/posts\/430575","targetHints":{"allow":["GET"]}}],"collection":[{"href":"https:\/\/zjarr.tv\/sq\/wp-json\/wp\/v2\/posts"}],"about":[{"href":"https:\/\/zjarr.tv\/sq\/wp-json\/wp\/v2\/types\/post"}],"author":[{"embeddable":true,"href":"https:\/\/zjarr.tv\/sq\/wp-json\/wp\/v2\/users\/2013"}],"replies":[{"embeddable":true,"href":"https:\/\/zjarr.tv\/sq\/wp-json\/wp\/v2\/comments?post=430575"}],"version-history":[{"count":1,"href":"https:\/\/zjarr.tv\/sq\/wp-json\/wp\/v2\/posts\/430575\/revisions"}],"predecessor-version":[{"id":430577,"href":"https:\/\/zjarr.tv\/sq\/wp-json\/wp\/v2\/posts\/430575\/revisions\/430577"}],"wp:featuredmedia":[{"embeddable":true,"href":"https:\/\/zjarr.tv\/sq\/wp-json\/wp\/v2\/media\/430576"}],"wp:attachment":[{"href":"https:\/\/zjarr.tv\/sq\/wp-json\/wp\/v2\/media?parent=430575"}],"wp:term":[{"taxonomy":"category","embeddable":true,"href":"https:\/\/zjarr.tv\/sq\/wp-json\/wp\/v2\/categories?post=430575"},{"taxonomy":"post_tag","embeddable":true,"href":"https:\/\/zjarr.tv\/sq\/wp-json\/wp\/v2\/tags?post=430575"}],"curies":[{"name":"wp","href":"https:\/\/api.w.org\/{rel}","templated":true}]}}