{"id":430578,"date":"2026-09-01T12:38:50","date_gmt":"2026-09-01T10:38:50","guid":{"rendered":"https:\/\/zjarr.tv\/?p=430578"},"modified":"2026-09-01T12:38:52","modified_gmt":"2026-09-01T10:38:52","slug":"vajza-e-mirush-kabashit-i-hyn-politikes-ne-kanada-babai-mbetet-udherrefyesi-im","status":"publish","type":"post","link":"https:\/\/zjarr.tv\/sq\/vajza-e-mirush-kabashit-i-hyn-politikes-ne-kanada-babai-mbetet-udherrefyesi-im\/","title":{"rendered":"Vajza e Mirush Kabashit i hyn politik\u00ebs n\u00eb Kanada: Babai mbetet udh\u00ebrr\u00ebfyesi im"},"content":{"rendered":"\n<p class=\"wp-block-paragraph\">Vajza e aktorit t\u00eb mir\u00ebnjohur shqiptar Mirush Kabashi, Mendi Kabashi, ka vendosur t\u00eb marr\u00eb nj\u00eb rol m\u00eb aktiv n\u00eb jet\u00ebn publike n\u00eb Kanada, duke kandiduar p\u00ebr K\u00ebshillin Bashkiak t\u00eb Mississauga-s n\u00eb zgjedhjet lokale q\u00eb do t\u00eb zhvillohen m\u00eb 26 tetor.<\/p>\n\n\n\n<p class=\"wp-block-paragraph\">Mendi Kabashi nuk vjen nga politika tradicionale dhe nuk e sheh veten si nj\u00eb politikane karriere. Ajo e p\u00ebrshkruan veten para s\u00eb gjithash si nj\u00eb banore t\u00eb komunitetit, nj\u00eb n\u00ebn\u00eb e dy f\u00ebmij\u00ebve dhe nj\u00eb profesioniste q\u00eb prej vitesh \u00ebsht\u00eb marr\u00eb me menaxhimin e komuniteteve rezidenciale dhe zgjidhjen e problematikave t\u00eb banor\u00ebve.<\/p>\n\n\n\n<p class=\"wp-block-paragraph\">Me nj\u00eb eksperienc\u00eb t\u00eb gjat\u00eb profesionale, Mendi ka menaxhuar komunitete t\u00eb m\u00ebdha, ka administruar buxhete multimilion\u00ebshe dhe ka punuar me njer\u00ebz me prejardhje t\u00eb ndryshme. P\u00ebr t\u00eb puna me komunitetin \u00ebsht\u00eb nd\u00ebrtuar gjithmon\u00eb mbi bashk\u00ebpunimin, p\u00ebrgjegj\u00ebsin\u00eb dhe gjetjen e zgjidhjeve konkrete p\u00ebr problemet e p\u00ebrditshme.<\/p>\n\n\n\n<p class=\"wp-block-paragraph\">Q\u00eb n\u00eb mosh\u00eb t\u00eb re ajo zgjodhi nj\u00eb rrug\u00eb q\u00eb k\u00ebrkonte disiplin\u00eb dhe p\u00ebrkushtim, duke ndjekur Akademin\u00eb Ushtarake Modena pasi u largua nga sht\u00ebpia n\u00eb mosh\u00ebn 17-vje\u00e7are. M\u00eb pas vijoi studimet n\u00eb drejt\u00ebsi dhe nd\u00ebrtoi nj\u00eb karrier\u00eb profesionale n\u00eb Kanada, ku p\u00ebrvoja e saj n\u00eb menaxhimin e komuniteteve rezidenciale n\u00eb Toronto e afroi gjithnj\u00eb e m\u00eb shum\u00eb me problematikat dhe nevojat e qytetar\u00ebve.<\/p>\n\n\n\n<p class=\"wp-block-paragraph\">Vendimi p\u00ebr t\u00eb hyr\u00eb n\u00eb politik\u00eb nuk ka ardhur rast\u00ebsisht. Ideja p\u00ebr t\u00eb kandiduar kishte nisur t\u00eb merrte form\u00eb prej disa vitesh, nd\u00ebrsa sot ajo po zhvillon nj\u00eb fushat\u00eb duke trokitur der\u00eb m\u00eb der\u00eb p\u00ebr t\u00eb takuar banor\u00ebt e zon\u00ebs q\u00eb synon t\u00eb p\u00ebrfaq\u00ebsoj\u00eb. B\u00ebhet fjal\u00eb p\u00ebr nj\u00eb komunitet me rreth 65 mij\u00eb banor\u00eb, ku Mendi k\u00ebrkon t\u00eb sjell\u00eb nj\u00eb qasje t\u00eb re n\u00eb p\u00ebrfaq\u00ebsimin politik.<\/p>\n\n\n\n<p class=\"wp-block-paragraph\">P\u00ebrtej angazhimit si qytetare kanadeze, identiteti shqiptar mbetet nj\u00eb pjes\u00eb e r\u00ebnd\u00ebsishme e saj. Shqip\u00ebrin\u00eb dhe Kosov\u00ebn i konsideron pjes\u00eb t\u00eb pandashme t\u00eb identitetit t\u00eb saj dhe kandidatur\u00ebn e sheh edhe si nj\u00eb mund\u00ebsi p\u00ebr t\u00eb rritur p\u00ebrfaq\u00ebsimin e shqiptar\u00ebve n\u00eb jet\u00ebn publike kanadeze.<\/p>\n\n\n\n<p class=\"wp-block-paragraph\">\u201cShqip\u00ebria dhe Kosova jan\u00eb n\u00eb zemr\u00ebn time, n\u00eb ADN. Kjo gar\u00eb nuk \u00ebsht\u00eb vet\u00ebm si shqiptare, por \u00ebsht\u00eb edhe si qytetare e Kanadas\u00eb. Lidershipi aktual \u00ebsht\u00eb prej 16 vitesh dhe ka pak\u00ebnaq\u00ebsi. Jeta ime \u00ebsht\u00eb fushat\u00eb tashm\u00eb. Trokas der\u00eb m\u00eb der\u00eb te banor\u00ebt e k\u00ebsaj lagjeje, i them lagje, por ka 65 000 banor\u00eb\u201d, ka th\u00ebn\u00eb Mendi Kabashi n\u00eb nj\u00eb intervist\u00eb t\u00eb dh\u00ebn\u00eb m\u00eb her\u00ebt.<\/p>\n\n\n\n<p class=\"wp-block-paragraph\">N\u00eb k\u00ebt\u00eb rrug\u00ebtim, nj\u00eb vend t\u00eb ve\u00e7ant\u00eb z\u00eb edhe figura e t\u00eb atit, aktorit t\u00eb ndjer\u00eb Mirush Kabashi. Trash\u00ebgimia e tij artistike dhe njer\u00ebzore duket se ka ndikuar fort n\u00eb m\u00ebnyr\u00ebn se si Mendi e koncepton sh\u00ebrbimin ndaj komunitetit. P\u00ebr t\u00eb, i ati mbetet nj\u00eb udh\u00ebrr\u00ebfyes edhe pse nuk \u00ebsht\u00eb m\u00eb fizikisht pran\u00eb saj.<\/p>\n\n\n\n<p class=\"wp-block-paragraph\">\u201cIm at\u00eb e p\u00ebrdori fjal\u00ebn p\u00ebr t\u2019u dh\u00ebn\u00eb z\u00eb njer\u00ebzve dhe dinjitet. Un\u00eb nuk pretendoj t\u00eb z\u00ebvend\u00ebsoj Mirush Kabashin, por jetoj me vlerat e tij. Mirushi \u00ebsht\u00eb absolutisht, edhe pse jo pran\u00eb meje, udh\u00ebrr\u00ebfyesi im. Kjo \u00ebsht\u00eb p\u00ebrjet\u00ebsia\u201d, ka th\u00ebn\u00eb nd\u00ebr t\u00eb tjera ajo.<a href=\"https:\/\/tpz.al\/ristrukturimi-ndryshime-ne-kupolen-e-policise-se-shtetit-skenderaj-emerohet-drejtor-i-dvp-elbasan-levizje-edhe-ne-korce-e-berat-i331713\"><\/a><\/p>\n","protected":false},"excerpt":{"rendered":"<p>Vajza e aktorit t\u00eb mir\u00ebnjohur shqiptar Mirush Kabashi, Mendi Kabashi, ka vendosur t\u00eb marr\u00eb nj\u00eb rol m\u00eb aktiv n\u00eb jet\u00ebn publike n\u00eb Kanada, duke kandiduar p\u00ebr K\u00ebshillin Bashkiak t\u00eb Mississauga-s n\u00eb zgjedhjet lokale q\u00eb do t\u00eb zhvillohen m\u00eb 26 tetor. Mendi Kabashi nuk vjen nga politika tradicionale dhe nuk e sheh veten si nj\u00eb politikane [&hellip;]<\/p>\n","protected":false},"author":2013,"featured_media":430579,"comment_status":"closed","ping_status":"closed","sticky":false,"template":"","format":"standard","meta":{"footnotes":""},"categories":[241,5380,231,1454,235],"tags":[],"class_list":["post-430578","post","type-post","status-publish","format-standard","has-post-thumbnail","category-aktualitet","category-kryesore","category-lajme","category-politike","category-vendi"],"_links":{"self":[{"href":"https:\/\/zjarr.tv\/sq\/wp-json\/wp\/v2\/posts\/430578","targetHints":{"allow":["GET"]}}],"collection":[{"href":"https:\/\/zjarr.tv\/sq\/wp-json\/wp\/v2\/posts"}],"about":[{"href":"https:\/\/zjarr.tv\/sq\/wp-json\/wp\/v2\/types\/post"}],"author":[{"embeddable":true,"href":"https:\/\/zjarr.tv\/sq\/wp-json\/wp\/v2\/users\/2013"}],"replies":[{"embeddable":true,"href":"https:\/\/zjarr.tv\/sq\/wp-json\/wp\/v2\/comments?post=430578"}],"version-history":[{"count":1,"href":"https:\/\/zjarr.tv\/sq\/wp-json\/wp\/v2\/posts\/430578\/revisions"}],"predecessor-version":[{"id":430580,"href":"https:\/\/zjarr.tv\/sq\/wp-json\/wp\/v2\/posts\/430578\/revisions\/430580"}],"wp:featuredmedia":[{"embeddable":true,"href":"https:\/\/zjarr.tv\/sq\/wp-json\/wp\/v2\/media\/430579"}],"wp:attachment":[{"href":"https:\/\/zjarr.tv\/sq\/wp-json\/wp\/v2\/media?parent=430578"}],"wp:term":[{"taxonomy":"category","embeddable":true,"href":"https:\/\/zjarr.tv\/sq\/wp-json\/wp\/v2\/categories?post=430578"},{"taxonomy":"post_tag","embeddable":true,"href":"https:\/\/zjarr.tv\/sq\/wp-json\/wp\/v2\/tags?post=430578"}],"curies":[{"name":"wp","href":"https:\/\/api.w.org\/{rel}","templated":true}]}}