{"id":430595,"date":"2026-09-02T10:17:43","date_gmt":"2026-09-02T08:17:43","guid":{"rendered":"https:\/\/zjarr.tv\/?p=430595"},"modified":"2026-09-02T10:17:45","modified_gmt":"2026-09-02T08:17:45","slug":"bllokuan-per-dy-ore-hyrjet-e-kryeministrise-policia-arrestuam-14-protestues-penguan-qarkullimin","status":"publish","type":"post","link":"https:\/\/zjarr.tv\/sq\/bllokuan-per-dy-ore-hyrjet-e-kryeministrise-policia-arrestuam-14-protestues-penguan-qarkullimin\/","title":{"rendered":"Bllokuan p\u00ebr dy or\u00eb hyrjet e Kryeministris\u00eb, Policia: Arrestuam 14 protestues, penguan qarkullimin"},"content":{"rendered":"\n<p class=\"wp-block-paragraph\">Nj\u00eb dit\u00eb pas protest\u00ebs para Kryeministris\u00eb, ku qytetar\u00ebt bllokuan p\u00ebr rreth dy or\u00eb n\u00eb zyr\u00eb Edi Ram\u00ebn, policia ka arrestuar 14 persona dhe ka proceduar penalisht 3 t\u00eb tjer\u00eb.<\/p>\n\n\n\n<p class=\"wp-block-paragraph\">T\u00eb arrestuarit jan\u00eb: Dritan Goxhaj, Junik Matoshi, Edison Lika, Erlind Almeta, Sokol Bushi, Lulzim Gjini, Valtion Shameti, Florian Manarkolli,Desiderjo Alimucaj, Bora Mitrovica, Arvina Lleshi, Ylli Brahaj, Arben Kola dhe Aumiraldi Dalliu.<\/p>\n\n\n\n<p class=\"wp-block-paragraph\">Sipas Policis\u00eb, protestuesit vijuan t\u00eb q\u00ebndronin n\u00eb rrug\u00eb pavar\u00ebsisht thirrjeve t\u00eb p\u00ebrs\u00ebritura p\u00ebr shp\u00ebrndarjen e tubimit dhe lirimin e rrug\u00ebs.<\/p>\n\n\n\n<p class=\"wp-block-paragraph\">Efektiv\u00ebt u kan\u00eb b\u00ebr\u00eb t\u00eb ditur protestuesve, p\u00ebrmes megafonit, se veprimet e tyre ishin n\u00eb kund\u00ebrshtim me ligjin dhe se tubimi po pengonte qarkullimin e mjeteve dhe l\u00ebvizjen e personaliteteve q\u00eb ndodheshin n\u00eb institucion.<\/p>\n\n\n\n<p class=\"wp-block-paragraph\">Policia pretendon se, gjat\u00eb nd\u00ebrhyrjes p\u00ebr zhvendosjen e protestuesve dhe lirimin e hyrje-daljeve t\u00eb Kryeministris\u00eb, pjes\u00ebmarr\u00ebsit kan\u00eb b\u00ebr\u00eb rezistenc\u00eb aktive. Sipas njoftimit zyrtar, disa prej tyre jan\u00eb ulur n\u00eb rrug\u00eb, kan\u00eb vijuar bllokimin e hyrjes dhe rrug\u00ebs, nd\u00ebrsa \u201ckan\u00eb goditur dhe shtyr\u00eb\u201d punonj\u00ebsit e Policis\u00eb.<\/p>\n\n\n\n<p class=\"wp-block-paragraph\"><em>\u201cN\u00eb vijim t\u00eb veprimeve hetimore dhe procedurale t\u00eb kryera nga strukturat e Drejtoris\u00eb Vendore t\u00eb Policis\u00eb Tiran\u00eb, n\u00eb lidhje me tubimin e zhvilluar m\u00eb dat\u00eb 01.09.2026, pran\u00eb Kryeministris\u00eb:<\/em><\/p>\n\n\n\n<p class=\"wp-block-paragraph\"><em>-u arrestuan n\u00eb flagranc\u00eb shtetasit: D. G., 50 vje\u00e7; J. M., 38 vje\u00e7; E. L., 28 vje\u00e7; E. A., 35 vje\u00e7; S. B., 50 vje\u00e7; L. Gj., 47 vje\u00e7; V. Sh., 52 vje\u00e7; F. M., 22 vje\u00e7; D. A., 29 vje\u00e7; B. M., 34 vje\u00e7e; A. Ll., 28 vje\u00e7e; Y. B., 38 vje\u00e7; A. K., 46 vje\u00e7 dhe A. D., 30 vje\u00e7.<\/em><\/p>\n\n\n\n<p class=\"wp-block-paragraph\"><em>-u referuan materialet n\u00eb Prokurori, ku nisi procedimi n\u00eb gjendje t\u00eb lir\u00eb p\u00ebr shtetasit M. J., 47 vje\u00e7; A. T., 54 vje\u00e7 dhe A. G., 56 vje\u00e7.<\/em><\/p>\n\n\n\n<p class=\"wp-block-paragraph\"><em>M\u00eb dat\u00eb 01.09.2026, rreth or\u00ebs 20:00, nj\u00eb grup pjes\u00ebmarr\u00ebsish n\u00eb tubim u grumbulluan n\u00eb rrug\u00ebn \u201cIsmail Qemali\u201d, n\u00eb an\u00ebn jugore t\u00eb Kryeministris\u00eb, ku bllokuan hyrje-daljet n\u00eb ambientet e k\u00ebtij institucioni, n\u00eb koh\u00ebn kur aty ndodheshin personalitete t\u00eb larta shtet\u00ebrore. Sh\u00ebrbimet e Drejtoris\u00eb Vendore t\u00eb Policis\u00eb Tiran\u00eb krijuan nj\u00eb kordon sigurie, me q\u00ebllim moslejimin e dep\u00ebrtimit t\u00eb m\u00ebtejsh\u00ebm brenda perimetrit t\u00eb siguris\u00eb.<\/em><\/p>\n\n\n\n<p class=\"wp-block-paragraph\"><em>Tubuesit vijuan q\u00ebndrimin n\u00eb rrug\u00ebn \u201cIsmail Qemali\u201d, p\u00ebrpara hyrjes s\u00eb Kryeministris\u00eb, pavar\u00ebsisht thirrjeve t\u00eb vazhdueshme t\u00eb punonj\u00ebsve t\u00eb Policis\u00eb, p\u00ebr rreth 30 minuta, n\u00ebp\u00ebrmjet megafonit, p\u00ebr shp\u00ebrndarjen e tubimit dhe lirimin e rrug\u00ebs.<\/em><\/p>\n\n\n\n<p class=\"wp-block-paragraph\"><em>Gjithashtu, sh\u00ebrbimet e Policis\u00eb, n\u00ebp\u00ebrmjet megafonit, u b\u00ebn\u00eb t\u00eb ditur pjes\u00ebmarr\u00ebsve n\u00eb tubim se veprimet e tyre ishin n\u00eb kund\u00ebrshtim me ligjin, n\u00eb cenim t\u00eb rendit dhe qet\u00ebsis\u00eb publike, si dhe t\u00eb perimetrit t\u00eb siguris\u00eb s\u00eb institucionit t\u00eb r\u00ebnd\u00ebsis\u00eb s\u00eb ve\u00e7ant\u00eb. Gjithashtu, iu b\u00eb e ditur se, si pasoj\u00eb e tubimit, ishte penguar qarkullimi i mjeteve t\u00eb transportit dhe l\u00ebvizja e lir\u00eb e personaliteteve t\u00eb larta shtet\u00ebrore.<\/em><\/p>\n\n\n\n<p class=\"wp-block-paragraph\"><em>Pavar\u00ebsisht thirrjeve t\u00eb Policis\u00eb, tubuesit vijuan me thirrje dhe veprime aktive p\u00ebr kund\u00ebrshtimin me forc\u00eb t\u00eb punonj\u00ebsve t\u00eb Policis\u00eb t\u00eb plan\u00ebzuar n\u00eb kordonin e siguris\u00eb.<\/em><\/p>\n\n\n\n<p class=\"wp-block-paragraph\"><em>N\u00eb momentin q\u00eb punonj\u00ebsit e Policis\u00eb po kryenin zhvendosjen e tubuesve, me q\u00ebllim lirimin e hyrje-daljeve t\u00eb Kryeministris\u00eb dhe lirimin e rrug\u00ebs, tubuesit b\u00ebn\u00eb rezistenc\u00eb aktive, u ul\u00ebn n\u00eb rrug\u00eb, vijuan bllokimin e hyrjes s\u00eb institucionit dhe t\u00eb rrug\u00ebs, si dhe godit\u00ebn dhe shtyn\u00eb punonj\u00ebsit e Policis\u00eb.\u201d-<\/em>&nbsp;njofton policia.<\/p>\n\n\n\n<p class=\"wp-block-paragraph\">Materialet procedurale u referuan n\u00eb Prokurorin\u00eb pran\u00eb Gjykat\u00ebs s\u00eb Shkall\u00ebs s\u00eb Par\u00eb t\u00eb Juridiksionit t\u00eb P\u00ebrgjithsh\u00ebm Tiran\u00eb, p\u00ebr veprime t\u00eb m\u00ebtejshme, p\u00ebr veprat penale \u201cOrganizimi dhe pjes\u00ebmarrja n\u00eb grumbullime e manifestime t\u00eb paligjshme\u201d, \u201cKund\u00ebrshtimi i punonj\u00ebsit t\u00eb policis\u00eb s\u00eb rendit publik\u201d, \u201cPrishja e qet\u00ebsis\u00eb publike\u201d dhe \u201cPengimi i qarkullimit t\u00eb mjeteve t\u00eb transportit\u201d.<\/p>\n","protected":false},"excerpt":{"rendered":"<p>Nj\u00eb dit\u00eb pas protest\u00ebs para Kryeministris\u00eb, ku qytetar\u00ebt bllokuan p\u00ebr rreth dy or\u00eb n\u00eb zyr\u00eb Edi Ram\u00ebn, policia ka arrestuar 14 persona dhe ka proceduar penalisht 3 t\u00eb tjer\u00eb. T\u00eb arrestuarit jan\u00eb: Dritan Goxhaj, Junik Matoshi, Edison Lika, Erlind Almeta, Sokol Bushi, Lulzim Gjini, Valtion Shameti, Florian Manarkolli,Desiderjo Alimucaj, Bora Mitrovica, Arvina Lleshi, Ylli Brahaj, [&hellip;]<\/p>\n","protected":false},"author":2013,"featured_media":430596,"comment_status":"closed","ping_status":"closed","sticky":false,"template":"","format":"standard","meta":{"footnotes":""},"categories":[241,5380,231,235],"tags":[],"class_list":["post-430595","post","type-post","status-publish","format-standard","has-post-thumbnail","category-aktualitet","category-kryesore","category-lajme","category-vendi"],"_links":{"self":[{"href":"https:\/\/zjarr.tv\/sq\/wp-json\/wp\/v2\/posts\/430595","targetHints":{"allow":["GET"]}}],"collection":[{"href":"https:\/\/zjarr.tv\/sq\/wp-json\/wp\/v2\/posts"}],"about":[{"href":"https:\/\/zjarr.tv\/sq\/wp-json\/wp\/v2\/types\/post"}],"author":[{"embeddable":true,"href":"https:\/\/zjarr.tv\/sq\/wp-json\/wp\/v2\/users\/2013"}],"replies":[{"embeddable":true,"href":"https:\/\/zjarr.tv\/sq\/wp-json\/wp\/v2\/comments?post=430595"}],"version-history":[{"count":1,"href":"https:\/\/zjarr.tv\/sq\/wp-json\/wp\/v2\/posts\/430595\/revisions"}],"predecessor-version":[{"id":430597,"href":"https:\/\/zjarr.tv\/sq\/wp-json\/wp\/v2\/posts\/430595\/revisions\/430597"}],"wp:featuredmedia":[{"embeddable":true,"href":"https:\/\/zjarr.tv\/sq\/wp-json\/wp\/v2\/media\/430596"}],"wp:attachment":[{"href":"https:\/\/zjarr.tv\/sq\/wp-json\/wp\/v2\/media?parent=430595"}],"wp:term":[{"taxonomy":"category","embeddable":true,"href":"https:\/\/zjarr.tv\/sq\/wp-json\/wp\/v2\/categories?post=430595"},{"taxonomy":"post_tag","embeddable":true,"href":"https:\/\/zjarr.tv\/sq\/wp-json\/wp\/v2\/tags?post=430595"}],"curies":[{"name":"wp","href":"https:\/\/api.w.org\/{rel}","templated":true}]}}