{"id":430601,"date":"2026-09-02T11:10:05","date_gmt":"2026-09-02T09:10:05","guid":{"rendered":"https:\/\/zjarr.tv\/?p=430601"},"modified":"2026-09-02T11:10:07","modified_gmt":"2026-09-02T09:10:07","slug":"ambasadorja-e-re-e-be-ne-tirane-merr-zyrtarisht-detyren-sot","status":"publish","type":"post","link":"https:\/\/zjarr.tv\/sq\/ambasadorja-e-re-e-be-ne-tirane-merr-zyrtarisht-detyren-sot\/","title":{"rendered":"Ambasadorja e re e BE n\u00eb Tiran\u00eb, merr zyrtarisht detyr\u00ebn sot"},"content":{"rendered":"\n<p class=\"wp-block-paragraph\">Ambasadorja e re e BE n\u00eb Tiran\u00eb, Sofia Moreira de Sousa dor\u00ebzon sot kredencialet tek Presidenti Bajram Begaj ne ceremonin\u00eb q\u00eb \u00ebsht\u00eb parashikuar paradite.<\/p>\n\n\n\n<p class=\"wp-block-paragraph\">Diplomatja portugeze do t\u00eb z\u00ebvend\u00ebsoje italianin Silvio Gonzato. M\u00eb her\u00ebt Moreira ka sh\u00ebrbyer si Drejtuese e P\u00ebrfaq\u00ebsis\u00eb s\u00eb Komisionit Evropian n\u00eb Portugali.<\/p>\n\n\n\n<p class=\"wp-block-paragraph\">Nd\u00ebr t\u00eb tjera ajo ka mbajtur edhe detyr\u00ebn e Ambasadores s\u00eb BE-s\u00eb n\u00eb Kepin e Gjelb\u00ebr.<\/p>\n\n\n\n<p class=\"wp-block-paragraph\"><a href=\"https:\/\/tpz.al\/provat-shtese-shba-propozojne-rregulla-te-reja-per-pasaportat-e-femijeve-prinderve-mund-t-u-kerkohet-te-provojne-shtetesine-i331798\"><\/a><\/p>\n","protected":false},"excerpt":{"rendered":"<p>Ambasadorja e re e BE n\u00eb Tiran\u00eb, Sofia Moreira de Sousa dor\u00ebzon sot kredencialet tek Presidenti Bajram Begaj ne ceremonin\u00eb q\u00eb \u00ebsht\u00eb parashikuar paradite. Diplomatja portugeze do t\u00eb z\u00ebvend\u00ebsoje italianin Silvio Gonzato. M\u00eb her\u00ebt Moreira ka sh\u00ebrbyer si Drejtuese e P\u00ebrfaq\u00ebsis\u00eb s\u00eb Komisionit Evropian n\u00eb Portugali. Nd\u00ebr t\u00eb tjera ajo ka mbajtur edhe detyr\u00ebn e [&hellip;]<\/p>\n","protected":false},"author":2013,"featured_media":430602,"comment_status":"closed","ping_status":"closed","sticky":false,"template":"","format":"standard","meta":{"footnotes":""},"categories":[241,5380,231,1454,235],"tags":[],"class_list":["post-430601","post","type-post","status-publish","format-standard","has-post-thumbnail","category-aktualitet","category-kryesore","category-lajme","category-politike","category-vendi"],"_links":{"self":[{"href":"https:\/\/zjarr.tv\/sq\/wp-json\/wp\/v2\/posts\/430601","targetHints":{"allow":["GET"]}}],"collection":[{"href":"https:\/\/zjarr.tv\/sq\/wp-json\/wp\/v2\/posts"}],"about":[{"href":"https:\/\/zjarr.tv\/sq\/wp-json\/wp\/v2\/types\/post"}],"author":[{"embeddable":true,"href":"https:\/\/zjarr.tv\/sq\/wp-json\/wp\/v2\/users\/2013"}],"replies":[{"embeddable":true,"href":"https:\/\/zjarr.tv\/sq\/wp-json\/wp\/v2\/comments?post=430601"}],"version-history":[{"count":1,"href":"https:\/\/zjarr.tv\/sq\/wp-json\/wp\/v2\/posts\/430601\/revisions"}],"predecessor-version":[{"id":430603,"href":"https:\/\/zjarr.tv\/sq\/wp-json\/wp\/v2\/posts\/430601\/revisions\/430603"}],"wp:featuredmedia":[{"embeddable":true,"href":"https:\/\/zjarr.tv\/sq\/wp-json\/wp\/v2\/media\/430602"}],"wp:attachment":[{"href":"https:\/\/zjarr.tv\/sq\/wp-json\/wp\/v2\/media?parent=430601"}],"wp:term":[{"taxonomy":"category","embeddable":true,"href":"https:\/\/zjarr.tv\/sq\/wp-json\/wp\/v2\/categories?post=430601"},{"taxonomy":"post_tag","embeddable":true,"href":"https:\/\/zjarr.tv\/sq\/wp-json\/wp\/v2\/tags?post=430601"}],"curies":[{"name":"wp","href":"https:\/\/api.w.org\/{rel}","templated":true}]}}