{"id":430604,"date":"2026-09-02T11:47:07","date_gmt":"2026-09-02T09:47:07","guid":{"rendered":"https:\/\/zjarr.tv\/?p=430604"},"modified":"2026-09-02T11:47:12","modified_gmt":"2026-09-02T09:47:12","slug":"pas-vales-se-largimeve-zyrtaret-e-bashkise-se-tiranes-kerkojne-takim-me-ramen-por-ai-nuk-i-kthen-pergjigje-asnjerit","status":"publish","type":"post","link":"https:\/\/zjarr.tv\/sq\/pas-vales-se-largimeve-zyrtaret-e-bashkise-se-tiranes-kerkojne-takim-me-ramen-por-ai-nuk-i-kthen-pergjigje-asnjerit\/","title":{"rendered":"Pas val\u00ebs s\u00eb largimeve, zyrtar\u00ebt e Bashkis\u00eb s\u00eb Tiran\u00ebs k\u00ebrkojn\u00eb takim me Ram\u00ebn, por ai nuk i kthen p\u00ebrgjigje asnj\u00ebrit"},"content":{"rendered":"\n<p class=\"wp-block-paragraph\">Tensionet n\u00eb Bashkin\u00eb e Tiran\u00ebs duket se kan\u00eb kaluar tashm\u00eb p\u00ebrtej mureve t\u00eb institucionit. Pas l\u00ebvizjeve t\u00eb fundit t\u00eb Erion Veliajt dhe paralajm\u00ebrimeve p\u00ebr shkarkime t\u00eb tjera, disa prej zyrtar\u00ebve t\u00eb prekur kan\u00eb k\u00ebrkuar nj\u00eb takim me Kryeministrin Edi Rama.<\/p>\n\n\n\n<p class=\"wp-block-paragraph\">Sipas\u00a0Vox News,\u00a0q\u00ebllimi i takimit ka qen\u00eb diskutimi i situat\u00ebs s\u00eb krijuar n\u00eb Bashkin\u00eb e Tiran\u00ebs dhe i fatit t\u00eb tyre pas val\u00ebs s\u00eb ndryshimeve t\u00eb nisura nga Erion Veliaj.<\/p>\n\n\n\n<p class=\"wp-block-paragraph\">Por deri m\u00eb tani, Edi Rama nuk u ka kthyer p\u00ebrgjigje k\u00ebrkes\u00ebs p\u00ebr takim. Ky q\u00ebndrim i Kryeministrit \u00ebsht\u00eb sinjal indirekt miratimi i veprimeve t\u00eb Veliajt.<\/p>\n\n\n\n<p class=\"wp-block-paragraph\">N\u00eb Bashkin\u00eb e Tiran\u00ebs prej disa dit\u00ebsh ka nisur nj\u00eb riformatim i fort\u00eb i struktur\u00ebs drejtuese. Fillimisht Veliaj i hoqi kompetencat e deleguara Anuela Ristanit, e cila m\u00eb pas u largua edhe nga posti i n\u00ebnkryetares. Pas saj dha dor\u00ebheqjen edhe Sekretari i P\u00ebrgjithsh\u00ebm, nd\u00ebrsa n\u00eb k\u00ebt\u00eb detyr\u00eb u rikthye Alban Dokushi.<\/p>\n\n\n\n<p class=\"wp-block-paragraph\">Burime t\u00eb&nbsp;Vox News&nbsp;b\u00ebjn\u00eb me dije se vala e ndryshimeve nuk ka p\u00ebrfunduar.<\/p>\n\n\n\n<p class=\"wp-block-paragraph\">N\u00eb list\u00ebn e zyrtar\u00ebve t\u00eb cil\u00ebve u \u00ebsht\u00eb k\u00ebrkuar ose pritet t\u2019u k\u00ebrkohet largimi jan\u00eb edhe drejtues t\u00eb tjer\u00eb t\u00eb r\u00ebnd\u00ebsish\u00ebm t\u00eb Bashkis\u00eb. N\u00ebse ata refuzojn\u00eb t\u00eb dor\u00ebhiqen, Veliaj pritet t\u00eb kaloj\u00eb n\u00eb shkarkimin e tyre.<\/p>\n\n\n\n<p class=\"wp-block-paragraph\">Fakti q\u00eb Rama, nuk ka pranuar nj\u00eb takim me ta, mund t\u00eb interpretohet si nj\u00eb veprim se ai nuk d\u00ebshiron t\u00eb p\u00ebrfshihet n\u00eb p\u00ebrplasjen e brendshme q\u00eb po zhvillohet n\u00eb Bashkin\u00eb e Tiran\u00ebs.<\/p>\n\n\n\n<p class=\"wp-block-paragraph\">N\u00ebse ky q\u00ebndrim vijon, Veliaj do t\u00eb ket\u00eb praktikisht hap\u00ebsir\u00eb t\u00eb plot\u00eb p\u00ebr t\u00eb vijuar ristrukturimin e administrat\u00ebs dhe p\u00ebr t\u00eb rikthyer n\u00eb pozicionet ky\u00e7e njer\u00ebz t\u00eb besuar prej tij. \/Vox News<\/p>\n","protected":false},"excerpt":{"rendered":"<p>Tensionet n\u00eb Bashkin\u00eb e Tiran\u00ebs duket se kan\u00eb kaluar tashm\u00eb p\u00ebrtej mureve t\u00eb institucionit. Pas l\u00ebvizjeve t\u00eb fundit t\u00eb Erion Veliajt dhe paralajm\u00ebrimeve p\u00ebr shkarkime t\u00eb tjera, disa prej zyrtar\u00ebve t\u00eb prekur kan\u00eb k\u00ebrkuar nj\u00eb takim me Kryeministrin Edi Rama. Sipas\u00a0Vox News,\u00a0q\u00ebllimi i takimit ka qen\u00eb diskutimi i situat\u00ebs s\u00eb krijuar n\u00eb Bashkin\u00eb e Tiran\u00ebs [&hellip;]<\/p>\n","protected":false},"author":2013,"featured_media":430605,"comment_status":"closed","ping_status":"closed","sticky":false,"template":"","format":"standard","meta":{"footnotes":""},"categories":[241,5380,231,1454,235],"tags":[],"class_list":["post-430604","post","type-post","status-publish","format-standard","has-post-thumbnail","category-aktualitet","category-kryesore","category-lajme","category-politike","category-vendi"],"_links":{"self":[{"href":"https:\/\/zjarr.tv\/sq\/wp-json\/wp\/v2\/posts\/430604","targetHints":{"allow":["GET"]}}],"collection":[{"href":"https:\/\/zjarr.tv\/sq\/wp-json\/wp\/v2\/posts"}],"about":[{"href":"https:\/\/zjarr.tv\/sq\/wp-json\/wp\/v2\/types\/post"}],"author":[{"embeddable":true,"href":"https:\/\/zjarr.tv\/sq\/wp-json\/wp\/v2\/users\/2013"}],"replies":[{"embeddable":true,"href":"https:\/\/zjarr.tv\/sq\/wp-json\/wp\/v2\/comments?post=430604"}],"version-history":[{"count":1,"href":"https:\/\/zjarr.tv\/sq\/wp-json\/wp\/v2\/posts\/430604\/revisions"}],"predecessor-version":[{"id":430606,"href":"https:\/\/zjarr.tv\/sq\/wp-json\/wp\/v2\/posts\/430604\/revisions\/430606"}],"wp:featuredmedia":[{"embeddable":true,"href":"https:\/\/zjarr.tv\/sq\/wp-json\/wp\/v2\/media\/430605"}],"wp:attachment":[{"href":"https:\/\/zjarr.tv\/sq\/wp-json\/wp\/v2\/media?parent=430604"}],"wp:term":[{"taxonomy":"category","embeddable":true,"href":"https:\/\/zjarr.tv\/sq\/wp-json\/wp\/v2\/categories?post=430604"},{"taxonomy":"post_tag","embeddable":true,"href":"https:\/\/zjarr.tv\/sq\/wp-json\/wp\/v2\/tags?post=430604"}],"curies":[{"name":"wp","href":"https:\/\/api.w.org\/{rel}","templated":true}]}}