{"id":430610,"date":"2026-09-02T12:53:01","date_gmt":"2026-09-02T10:53:01","guid":{"rendered":"https:\/\/zjarr.tv\/?p=430610"},"modified":"2026-09-02T12:53:11","modified_gmt":"2026-09-02T10:53:11","slug":"jep-doreheqjen-ministrja-e-shendetesise-evis-sala","status":"publish","type":"post","link":"https:\/\/zjarr.tv\/sq\/jep-doreheqjen-ministrja-e-shendetesise-evis-sala\/","title":{"rendered":"Jep dor\u00ebheqjen ministrja e Sh\u00ebndet\u00ebsis\u00eb, Evis Sala"},"content":{"rendered":"\n<p class=\"wp-block-paragraph\">Dor\u00ebhiqet ministrja e Sh\u00ebndet\u00ebsis\u00eb,\u00a0Evis Sala. Burime\u00a0b\u00ebjn\u00eb me dije se Evis Sala ka deklaruar n\u00eb mbledhjen e qeveris\u00eb se \u201cdo t\u00eb vijoj\u00eb projektet e saj akademike\u201d.<\/p>\n\n\n\n<p class=\"wp-block-paragraph\">Ministrja e mori detyr\u00ebn m\u00eb 11 shtator t\u00eb vitit t\u00eb kaluar, kur kryeministri prezantoi qeverin\u00eb &#8220;Rama 4&#8221; duke marr\u00eb stafet\u00ebn nga Albana Ko\u00e7iu. Asokohe, n\u00eb prezantimin e saj, Sala u shpreh se objektivi kryesor ishte zgjidhja e rimbursimit t\u00eb barnave onkologjike. Nd\u00ebr pikat e tjera q\u00eb ajo cil\u00ebsoi si m\u00eb t\u00eb r\u00ebnd\u00ebsishme kur mori detyr\u00ebn ishte&nbsp;reformimi i Fondit t\u00eb&nbsp;Sigurimit t\u00eb Detyruesh\u00ebm t\u00eb Kujdesit Sh\u00ebndet\u00ebsor dhe sh\u00ebrbimi primar pa nevoj\u00ebn q\u00eb qytetari t\u00eb paraqitet n\u00eb spital\/<\/p>\n\n\n\n<p class=\"wp-block-paragraph\">Prej 29 vitesh, Sala ka sh\u00ebrbyer&nbsp;n\u00eb shtete t\u00eb ndryshme t\u00eb bot\u00ebs n\u00eb fush\u00ebn e mjek\u00ebsis\u00eb.<\/p>\n","protected":false},"excerpt":{"rendered":"<p>Dor\u00ebhiqet ministrja e Sh\u00ebndet\u00ebsis\u00eb,\u00a0Evis Sala. Burime\u00a0b\u00ebjn\u00eb me dije se Evis Sala ka deklaruar n\u00eb mbledhjen e qeveris\u00eb se \u201cdo t\u00eb vijoj\u00eb projektet e saj akademike\u201d. Ministrja e mori detyr\u00ebn m\u00eb 11 shtator t\u00eb vitit t\u00eb kaluar, kur kryeministri prezantoi qeverin\u00eb &#8220;Rama 4&#8221; duke marr\u00eb stafet\u00ebn nga Albana Ko\u00e7iu. Asokohe, n\u00eb prezantimin e saj, Sala u [&hellip;]<\/p>\n","protected":false},"author":2013,"featured_media":430611,"comment_status":"closed","ping_status":"closed","sticky":false,"template":"","format":"standard","meta":{"footnotes":""},"categories":[241,5380,231,1454,235],"tags":[],"class_list":["post-430610","post","type-post","status-publish","format-standard","has-post-thumbnail","category-aktualitet","category-kryesore","category-lajme","category-politike","category-vendi"],"_links":{"self":[{"href":"https:\/\/zjarr.tv\/sq\/wp-json\/wp\/v2\/posts\/430610","targetHints":{"allow":["GET"]}}],"collection":[{"href":"https:\/\/zjarr.tv\/sq\/wp-json\/wp\/v2\/posts"}],"about":[{"href":"https:\/\/zjarr.tv\/sq\/wp-json\/wp\/v2\/types\/post"}],"author":[{"embeddable":true,"href":"https:\/\/zjarr.tv\/sq\/wp-json\/wp\/v2\/users\/2013"}],"replies":[{"embeddable":true,"href":"https:\/\/zjarr.tv\/sq\/wp-json\/wp\/v2\/comments?post=430610"}],"version-history":[{"count":1,"href":"https:\/\/zjarr.tv\/sq\/wp-json\/wp\/v2\/posts\/430610\/revisions"}],"predecessor-version":[{"id":430612,"href":"https:\/\/zjarr.tv\/sq\/wp-json\/wp\/v2\/posts\/430610\/revisions\/430612"}],"wp:featuredmedia":[{"embeddable":true,"href":"https:\/\/zjarr.tv\/sq\/wp-json\/wp\/v2\/media\/430611"}],"wp:attachment":[{"href":"https:\/\/zjarr.tv\/sq\/wp-json\/wp\/v2\/media?parent=430610"}],"wp:term":[{"taxonomy":"category","embeddable":true,"href":"https:\/\/zjarr.tv\/sq\/wp-json\/wp\/v2\/categories?post=430610"},{"taxonomy":"post_tag","embeddable":true,"href":"https:\/\/zjarr.tv\/sq\/wp-json\/wp\/v2\/tags?post=430610"}],"curies":[{"name":"wp","href":"https:\/\/api.w.org\/{rel}","templated":true}]}}