{"id":430616,"date":"2026-09-02T14:59:06","date_gmt":"2026-09-02T12:59:06","guid":{"rendered":"https:\/\/zjarr.tv\/?p=430616"},"modified":"2026-09-02T14:59:10","modified_gmt":"2026-09-02T12:59:10","slug":"dha-doreheqjen-si-ministre-e-shendetesise-reagon-evis-sala","status":"publish","type":"post","link":"https:\/\/zjarr.tv\/sq\/dha-doreheqjen-si-ministre-e-shendetesise-reagon-evis-sala\/","title":{"rendered":"Dha dor\u00ebheqjen si ministre e Sh\u00ebndet\u00ebsis\u00eb, reagon Evis Sala"},"content":{"rendered":"\n<p class=\"wp-block-paragraph\">Dha dor\u00ebheqjen si ministre e Sh\u00ebndet\u00ebsis\u00eb, reagon Evis Sala<\/p>\n\n\n\n<p class=\"wp-block-paragraph\">Evis Sala u dor\u00ebhoq si ministre e Sh\u00ebndet\u00ebsis\u00eb dhe Mir\u00ebqenies Sociale pasi prej 1 viti d\u00ebshtoi si drejtuese.<\/p>\n\n\n\n<p class=\"wp-block-paragraph\">N\u00eb nj\u00eb reagim n\u00eb rrjete sociale, pas pas b\u00ebrjes publike t\u00eb lajmit se ka dh\u00ebn\u00eb dor\u00ebheqjen, Sala thot\u00eb se ka pranuar disa angazhime nd\u00ebrkomb\u00ebtare q\u00eb lidhen me fush\u00ebn e saj t\u00eb ekspertiz\u00ebs.<\/p>\n\n\n\n<p class=\"wp-block-paragraph\">Reagimi i plot\u00eb:<\/p>\n\n\n\n<p class=\"wp-block-paragraph\">Sot ishte mbledhja ime e fundit si an\u00ebtare e kabinetit qeveritar, pasi kam pranuar disa angazhime nd\u00ebrkomb\u00ebtare t\u00eb r\u00ebnd\u00ebsishme n\u00eb fush\u00ebn time t\u00eb ekspertiz\u00ebs: onkolologji \u2013 inteligjenc\u00eb artificiale \u2013 inovacion.<\/p>\n\n\n\n<p class=\"wp-block-paragraph\">Nj\u00eb vit m\u00eb par\u00eb mora p\u00ebrsip\u00ebr me p\u00ebrgjegj\u00ebsi t\u00eb madhe detyr\u00ebn e Ministres s\u00eb Sh\u00ebndet\u00ebsis\u00eb dhe Mir\u00ebqenies Sociale, nj\u00eb fush\u00eb plot sfida e v\u00ebshtir\u00ebsi.<\/p>\n\n\n\n<p class=\"wp-block-paragraph\">I jam mir\u00ebnjoh\u00ebse Kryeministrit Edi Rama p\u00ebr besimin dhe mb\u00ebshtetjen, si dhe \u00e7do mjeku, infermieri, profesionisti dhe punonj\u00ebsi t\u00eb sistemit t\u00eb sh\u00ebndet\u00ebsis\u00eb e mir\u00ebqenies sociale q\u00eb punoi \u00e7do dit\u00eb p\u00ebr ta b\u00ebr\u00eb sistemin m\u00eb t\u00eb mir\u00eb.<\/p>\n\n\n\n<p class=\"wp-block-paragraph\">Nj\u00eb falenderim t\u00eb ve\u00e7ant\u00eb p\u00ebr \u00e7do qytetar shqiptar q\u00eb m\u00eb shkroi, sugjeroi apo k\u00ebrkoi m\u00eb shum\u00eb prej nesh.<\/p>\n\n\n\n<p class=\"wp-block-paragraph\">N\u00eb k\u00ebt\u00eb vit kemi b\u00ebr\u00eb hapa t\u00eb r\u00ebnd\u00ebsish\u00ebm n\u00eb sh\u00ebndet\u00ebsi. Shum\u00eb prej tyre jan\u00eb t\u00eb duksh\u00ebm sot, t\u00eb tjer\u00eb sapo kan\u00eb nisur.<\/p>\n\n\n\n<p class=\"wp-block-paragraph\">Angazhimi im p\u00ebr Shqip\u00ebrin\u00eb nuk lidhet me nj\u00eb post. Ai \u00ebsht\u00eb pjes\u00eb e asaj q\u00eb jam dhe do t\u00eb vazhdoj\u00eb p\u00ebrmes dijes, eksperienc\u00ebs dhe rrjetit tim profesional nd\u00ebrkomb\u00ebtar.<\/p>\n\n\n\n<p class=\"wp-block-paragraph\">Sepse detyrat kan\u00eb nj\u00eb fillim dhe nj\u00eb fund.<\/p>\n\n\n\n<p class=\"wp-block-paragraph\">Por, p\u00ebrgjegj\u00ebsia dhe lidhja me vendin t\u00ebnd nuk kan\u00eb kufij!<\/p>\n","protected":false},"excerpt":{"rendered":"<p>Dha dor\u00ebheqjen si ministre e Sh\u00ebndet\u00ebsis\u00eb, reagon Evis Sala Evis Sala u dor\u00ebhoq si ministre e Sh\u00ebndet\u00ebsis\u00eb dhe Mir\u00ebqenies Sociale pasi prej 1 viti d\u00ebshtoi si drejtuese. N\u00eb nj\u00eb reagim n\u00eb rrjete sociale, pas pas b\u00ebrjes publike t\u00eb lajmit se ka dh\u00ebn\u00eb dor\u00ebheqjen, Sala thot\u00eb se ka pranuar disa angazhime nd\u00ebrkomb\u00ebtare q\u00eb lidhen me fush\u00ebn [&hellip;]<\/p>\n","protected":false},"author":2013,"featured_media":430617,"comment_status":"closed","ping_status":"closed","sticky":false,"template":"","format":"standard","meta":{"footnotes":""},"categories":[241,5380,231,1454,235],"tags":[],"class_list":["post-430616","post","type-post","status-publish","format-standard","has-post-thumbnail","category-aktualitet","category-kryesore","category-lajme","category-politike","category-vendi"],"_links":{"self":[{"href":"https:\/\/zjarr.tv\/sq\/wp-json\/wp\/v2\/posts\/430616","targetHints":{"allow":["GET"]}}],"collection":[{"href":"https:\/\/zjarr.tv\/sq\/wp-json\/wp\/v2\/posts"}],"about":[{"href":"https:\/\/zjarr.tv\/sq\/wp-json\/wp\/v2\/types\/post"}],"author":[{"embeddable":true,"href":"https:\/\/zjarr.tv\/sq\/wp-json\/wp\/v2\/users\/2013"}],"replies":[{"embeddable":true,"href":"https:\/\/zjarr.tv\/sq\/wp-json\/wp\/v2\/comments?post=430616"}],"version-history":[{"count":1,"href":"https:\/\/zjarr.tv\/sq\/wp-json\/wp\/v2\/posts\/430616\/revisions"}],"predecessor-version":[{"id":430618,"href":"https:\/\/zjarr.tv\/sq\/wp-json\/wp\/v2\/posts\/430616\/revisions\/430618"}],"wp:featuredmedia":[{"embeddable":true,"href":"https:\/\/zjarr.tv\/sq\/wp-json\/wp\/v2\/media\/430617"}],"wp:attachment":[{"href":"https:\/\/zjarr.tv\/sq\/wp-json\/wp\/v2\/media?parent=430616"}],"wp:term":[{"taxonomy":"category","embeddable":true,"href":"https:\/\/zjarr.tv\/sq\/wp-json\/wp\/v2\/categories?post=430616"},{"taxonomy":"post_tag","embeddable":true,"href":"https:\/\/zjarr.tv\/sq\/wp-json\/wp\/v2\/tags?post=430616"}],"curies":[{"name":"wp","href":"https:\/\/api.w.org\/{rel}","templated":true}]}}