{"id":430631,"date":"2026-09-03T10:46:40","date_gmt":"2026-09-03T08:46:40","guid":{"rendered":"https:\/\/zjarr.tv\/?p=430631"},"modified":"2026-09-03T10:46:44","modified_gmt":"2026-09-03T08:46:44","slug":"rama-nese-qeveria-si-duket-mire-qytetarit-do-te-permiresojme-veten-jo-pasqyren","status":"publish","type":"post","link":"https:\/\/zjarr.tv\/sq\/rama-nese-qeveria-si-duket-mire-qytetarit-do-te-permiresojme-veten-jo-pasqyren\/","title":{"rendered":"Rama: N\u00ebse qeveria s\u2019i duket mir\u00eb qytetarit, do t\u00eb p\u00ebrmir\u00ebsojm\u00eb veten jo pasqyr\u00ebn"},"content":{"rendered":"\n<p class=\"wp-block-paragraph\">Kryeministri Edi Rama b\u00ebri me dije krijimin e&nbsp;\u201cFlamingo Mirror\u201d, nj\u00eb komponent i nism\u00ebs \u201cPasqyr\u00eb Albania\u201d, q\u00eb sipas tij do t\u2019u mund\u00ebsoj\u00eb qytetar\u00ebve akses t\u00eb drejtp\u00ebrdrejt\u00eb n\u00eb dokumente dhe informacione lidhur me \u00e7\u00ebshtje t\u00eb caktuara publike.<\/p>\n\n\n\n<p class=\"wp-block-paragraph\">Rama tha se tema e&nbsp;Sazanit dhe Nart\u00eb-Pish\u00eb Poros&nbsp;do t\u00eb jet\u00eb nd\u00ebr \u00e7\u00ebshtjet e para q\u00eb do t\u00eb pasqyrohen n\u00eb k\u00ebt\u00eb platform\u00eb.<\/p>\n\n\n\n<p class=\"wp-block-paragraph\">\u201c<em>Shfaqja e par\u00eb e pasqyr\u00ebs q\u00eb do jet\u00eb e disponueshme p\u00ebr t\u00eb gjith\u00eb do jet\u00eb nj\u00eb komponent, Flamingo Mirror, Pasqyra e Flamingos, ku do ekspozohen nga A-ja te ZH-ja&#8230; ku tema e Sazanit dhe e Nart\u00eb-Pish\u00eb Poros, do t\u00eb jet\u00eb e gjitha e ekspozuar me dokumentet p\u00ebrkat\u00ebs, me t\u00eb dh\u00ebnat e procesverbaleve, me statusin e negociatave, referencat ligjore p\u00ebr t\u00eb gjitha pikat e ngritura si problem, dhe ajo do t\u00eb pasurohet hap pas hapi me projektin, studimin mjedisor, me gjith\u00e7ka. Cilido qoft\u00eb, n\u00eb shqip apo anglisht, mund t\u00eb futet aty dhe t\u00eb gjej\u00eb gjith\u00e7ka q\u00eb lidhet me tem\u00ebn. Flamino Mirror \u00ebsht\u00eb pasqyr\u00eb aktive, q\u00eb do t\u00eb thot\u00eb \u00ebsht\u00eb aty e gjall\u00eb p\u00ebr t\u2019u p\u00ebrgjigjur pyetjeve. N\u00ebse ka di\u00e7ka q\u00eb nuk gjendet aty, Flamino Mirror ose do ta plot\u00ebsoj\u00eb ose do jap\u00eb p\u00ebrgjigje p\u00ebrse nuk gjendet aty\u201d<\/em>.<\/p>\n\n\n\n<p class=\"wp-block-paragraph\">Nd\u00ebr t\u00eb tjera kreu i qeveris\u00eb theksoi se: &#8220;<em>N\u00ebse qeveria s&#8217;i&nbsp;duket mir\u00eb qytetarit n\u00eb pasqyr\u00eb duhet t\u00eb p\u00ebrballet me sfid\u00ebn p\u00ebr t\u00eb p\u00ebrmir\u00ebsuar pamjen e vet, jo pasqyr\u00ebn<\/em>\u201d.<\/p>\n","protected":false},"excerpt":{"rendered":"<p>Kryeministri Edi Rama b\u00ebri me dije krijimin e&nbsp;\u201cFlamingo Mirror\u201d, nj\u00eb komponent i nism\u00ebs \u201cPasqyr\u00eb Albania\u201d, q\u00eb sipas tij do t\u2019u mund\u00ebsoj\u00eb qytetar\u00ebve akses t\u00eb drejtp\u00ebrdrejt\u00eb n\u00eb dokumente dhe informacione lidhur me \u00e7\u00ebshtje t\u00eb caktuara publike. Rama tha se tema e&nbsp;Sazanit dhe Nart\u00eb-Pish\u00eb Poros&nbsp;do t\u00eb jet\u00eb nd\u00ebr \u00e7\u00ebshtjet e para q\u00eb do t\u00eb pasqyrohen n\u00eb k\u00ebt\u00eb [&hellip;]<\/p>\n","protected":false},"author":2013,"featured_media":430632,"comment_status":"closed","ping_status":"closed","sticky":false,"template":"","format":"standard","meta":{"footnotes":""},"categories":[241,364,5380,231,1454,235],"tags":[],"class_list":["post-430631","post","type-post","status-publish","format-standard","has-post-thumbnail","category-aktualitet","category-koment-opinion","category-kryesore","category-lajme","category-politike","category-vendi"],"_links":{"self":[{"href":"https:\/\/zjarr.tv\/sq\/wp-json\/wp\/v2\/posts\/430631","targetHints":{"allow":["GET"]}}],"collection":[{"href":"https:\/\/zjarr.tv\/sq\/wp-json\/wp\/v2\/posts"}],"about":[{"href":"https:\/\/zjarr.tv\/sq\/wp-json\/wp\/v2\/types\/post"}],"author":[{"embeddable":true,"href":"https:\/\/zjarr.tv\/sq\/wp-json\/wp\/v2\/users\/2013"}],"replies":[{"embeddable":true,"href":"https:\/\/zjarr.tv\/sq\/wp-json\/wp\/v2\/comments?post=430631"}],"version-history":[{"count":1,"href":"https:\/\/zjarr.tv\/sq\/wp-json\/wp\/v2\/posts\/430631\/revisions"}],"predecessor-version":[{"id":430633,"href":"https:\/\/zjarr.tv\/sq\/wp-json\/wp\/v2\/posts\/430631\/revisions\/430633"}],"wp:featuredmedia":[{"embeddable":true,"href":"https:\/\/zjarr.tv\/sq\/wp-json\/wp\/v2\/media\/430632"}],"wp:attachment":[{"href":"https:\/\/zjarr.tv\/sq\/wp-json\/wp\/v2\/media?parent=430631"}],"wp:term":[{"taxonomy":"category","embeddable":true,"href":"https:\/\/zjarr.tv\/sq\/wp-json\/wp\/v2\/categories?post=430631"},{"taxonomy":"post_tag","embeddable":true,"href":"https:\/\/zjarr.tv\/sq\/wp-json\/wp\/v2\/tags?post=430631"}],"curies":[{"name":"wp","href":"https:\/\/api.w.org\/{rel}","templated":true}]}}