{"id":430637,"date":"2026-09-03T11:48:59","date_gmt":"2026-09-03T09:48:59","guid":{"rendered":"https:\/\/zjarr.tv\/?p=430637"},"modified":"2026-09-03T11:49:02","modified_gmt":"2026-09-03T09:49:02","slug":"pista-kryesore-vrasja-65-vjecarit-ne-mirdite-drejtori-i-policise-lezhe-kemi-nje-te-shoqeruar","status":"publish","type":"post","link":"https:\/\/zjarr.tv\/sq\/pista-kryesore-vrasja-65-vjecarit-ne-mirdite-drejtori-i-policise-lezhe-kemi-nje-te-shoqeruar\/","title":{"rendered":"Pista kryesore\/ Vrasja 65-vje\u00e7arit n\u00eb Mirdit\u00eb, drejtori i Policis\u00eb Lezh\u00eb: Kemi nj\u00eb t\u00eb shoq\u00ebruar"},"content":{"rendered":"\n<p class=\"wp-block-paragraph\">Nj\u00eb i shoq\u00ebruar n\u00eb polici pas vrasjes s\u00eb 65-vje\u00e7arit n\u00eb Mirdit\u00eb. K\u00ebshtu tha drejtori i policis\u00eb Lezh\u00eb Ermal Mu\u00e7a n\u00eb nj\u00eb prononcim p\u00ebr mediat.<\/p>\n\n\n\n<p class=\"wp-block-paragraph\">\u201cRreth or\u00ebs 08:55 jemi njoftuar p\u00ebr nj\u00eb ngjarje t\u00eb r\u00ebnd\u00eb, vrasjen e nj\u00eb shtetasi n\u00eb makin\u00ebn e tij.<\/p>\n\n\n\n<p class=\"wp-block-paragraph\">Rreth 20 minuta m\u00eb von\u00eb kemi gjetur nj\u00eb makin\u00eb t\u00eb djegur. Kemi nj\u00eb t\u00eb shoq\u00ebruar\u201d, tha drejtori i policis\u00eb Lezh\u00eb Ermal Mu\u00e7a.<\/p>\n\n\n\n<p class=\"wp-block-paragraph\">Dyshohet se autori ose autor\u00ebt kan\u00eb ruajtur l\u00ebvizjet e Viktor Bardhit dhe mendohet se arma e zjarrit ka qen\u00eb me selenciator.<\/p>\n\n\n\n<p class=\"wp-block-paragraph\">Viktor Bardhi \u00ebsht\u00eb v\u00ebllai i Martin Bardhit, i cili u ekzekutua m\u00eb 26 shtator 2023 n\u00eb Rr\u00ebshen. Vrasja e sotme rikthen n\u00eb v\u00ebmendje edhe historikun e p\u00ebrplasjeve t\u00eb r\u00ebnda mes familjeve Bardhi dhe Re\u00e7i n\u00eb Mirdit\u00eb.<\/p>\n\n\n\n<p class=\"wp-block-paragraph\">Hetimet vijojn\u00eb p\u00ebr identifikimin dhe kapjen e autorit ose autor\u00ebve t\u00eb dyshuar.<\/p>\n\n\n\n<p class=\"wp-block-paragraph\">N\u00eb vendngjarje, grupi hetimor ka sekuestruar disa g\u00ebzhoja, nd\u00ebrsa paraprakisht dyshohet se autor\u00ebt kan\u00eb p\u00ebrdorur nj\u00eb arm\u00eb me silenciator, e cila mund t\u00eb jet\u00eb d\u00ebmtuar gjat\u00eb t\u00eb sht\u00ebnave.<\/p>\n\n\n\n<p class=\"wp-block-paragraph\">Policia ka ngritur pika kontrolli dhe po vijon kontrollet n\u00eb zon\u00eb p\u00ebr t\u00eb identifikuar autor\u00ebt dhe p\u00ebr t\u00eb gjetur gjurm\u00eb q\u00eb mund t\u00eb \u00e7ojn\u00eb n\u00eb zbardhjen e atentatit.<\/p>\n\n\n\n<p class=\"wp-block-paragraph\">Nd\u00ebrkoh\u00eb pista kryesore e hetimeve lidhet me hakmarrjen, pasi n\u00eb tre vitet e fundit jan\u00eb vrar\u00eb edhe dy persona t\u00eb tjer\u00eb t\u00eb fisit Bardhi. &nbsp;B\u00ebhet fjal\u00eb p\u00ebr Martin Bardhin, i ekzekutuar n\u00eb Rr\u00ebshen n\u00eb vitin 2023, dhe Kristjan Bardhin (Marku), i vrar\u00eb n\u00eb Novosel\u00eb t\u00eb Vlor\u00ebs.<\/p>\n\n\n\n<p class=\"wp-block-paragraph\">Njoftimi i Policis\u00eb:<\/p>\n\n\n\n<p class=\"wp-block-paragraph\">Mirdit\u00eb\/Informacion paraprak Rreth or\u00ebs 09:00, n\u00eb fshatin Nd\u00ebrfushas, \u00ebsht\u00eb gjetur i pajet\u00eb n\u00eb automjetin e tij, shtetasi V. B., rreth 65 vje\u00e7, i cili dyshohet se \u00ebsht\u00eb vrar\u00eb me arm\u00eb zjarri. Grupi hetimor ndodhet n\u00eb vendngjarje dhe n\u00eb drejtimin e Prokuroris\u00eb, vijon pun\u00ebn p\u00ebr zbardhjen dhe dokumentimin e rrethanave t\u00eb ngjarje.<\/p>\n","protected":false},"excerpt":{"rendered":"<p>Nj\u00eb i shoq\u00ebruar n\u00eb polici pas vrasjes s\u00eb 65-vje\u00e7arit n\u00eb Mirdit\u00eb. K\u00ebshtu tha drejtori i policis\u00eb Lezh\u00eb Ermal Mu\u00e7a n\u00eb nj\u00eb prononcim p\u00ebr mediat. \u201cRreth or\u00ebs 08:55 jemi njoftuar p\u00ebr nj\u00eb ngjarje t\u00eb r\u00ebnd\u00eb, vrasjen e nj\u00eb shtetasi n\u00eb makin\u00ebn e tij. Rreth 20 minuta m\u00eb von\u00eb kemi gjetur nj\u00eb makin\u00eb t\u00eb djegur. Kemi nj\u00eb [&hellip;]<\/p>\n","protected":false},"author":2013,"featured_media":430638,"comment_status":"closed","ping_status":"closed","sticky":false,"template":"","format":"standard","meta":{"footnotes":""},"categories":[241,323,5380,231,235],"tags":[],"class_list":["post-430637","post","type-post","status-publish","format-standard","has-post-thumbnail","category-aktualitet","category-kronika-e-zeze","category-kryesore","category-lajme","category-vendi"],"_links":{"self":[{"href":"https:\/\/zjarr.tv\/sq\/wp-json\/wp\/v2\/posts\/430637","targetHints":{"allow":["GET"]}}],"collection":[{"href":"https:\/\/zjarr.tv\/sq\/wp-json\/wp\/v2\/posts"}],"about":[{"href":"https:\/\/zjarr.tv\/sq\/wp-json\/wp\/v2\/types\/post"}],"author":[{"embeddable":true,"href":"https:\/\/zjarr.tv\/sq\/wp-json\/wp\/v2\/users\/2013"}],"replies":[{"embeddable":true,"href":"https:\/\/zjarr.tv\/sq\/wp-json\/wp\/v2\/comments?post=430637"}],"version-history":[{"count":1,"href":"https:\/\/zjarr.tv\/sq\/wp-json\/wp\/v2\/posts\/430637\/revisions"}],"predecessor-version":[{"id":430639,"href":"https:\/\/zjarr.tv\/sq\/wp-json\/wp\/v2\/posts\/430637\/revisions\/430639"}],"wp:featuredmedia":[{"embeddable":true,"href":"https:\/\/zjarr.tv\/sq\/wp-json\/wp\/v2\/media\/430638"}],"wp:attachment":[{"href":"https:\/\/zjarr.tv\/sq\/wp-json\/wp\/v2\/media?parent=430637"}],"wp:term":[{"taxonomy":"category","embeddable":true,"href":"https:\/\/zjarr.tv\/sq\/wp-json\/wp\/v2\/categories?post=430637"},{"taxonomy":"post_tag","embeddable":true,"href":"https:\/\/zjarr.tv\/sq\/wp-json\/wp\/v2\/tags?post=430637"}],"curies":[{"name":"wp","href":"https:\/\/api.w.org\/{rel}","templated":true}]}}