{"id":430647,"date":"2026-09-03T13:24:30","date_gmt":"2026-09-03T11:24:30","guid":{"rendered":"https:\/\/zjarr.tv\/?p=430647"},"modified":"2026-09-03T13:24:33","modified_gmt":"2026-09-03T11:24:33","slug":"saga-e-pergjakshme-e-mirdites-9-vite-perplasje-dhe-viktima-nga-saimir-jaku-te-ekzekutimi-i-sotem-i-viktor-bardhit","status":"publish","type":"post","link":"https:\/\/zjarr.tv\/sq\/saga-e-pergjakshme-e-mirdites-9-vite-perplasje-dhe-viktima-nga-saimir-jaku-te-ekzekutimi-i-sotem-i-viktor-bardhit\/","title":{"rendered":"Saga e p\u00ebrgjakshme e Mirdit\u00ebs, 9 vite p\u00ebrplasje dhe viktima: nga Saimir Jaku te ekzekutimi i sot\u00ebm i Viktor Bardhit"},"content":{"rendered":"\n<p class=\"wp-block-paragraph\">Vrasja e 69-vje\u00e7arit Viktor Bardhi k\u00ebt\u00eb t\u00eb enjte n\u00eb Mirdit\u00eb dyshohet t\u00eb jet\u00eb vijim\u00ebsi e nj\u00eb kalvari t\u00eb gjat\u00eb konfliktesh q\u00eb jan\u00eb mbyllur me shum\u00eb viktima.<\/p>\n\n\n\n<p class=\"wp-block-paragraph\">E fundit p\u00ebrplasje plumbash mes fiseve ishte vrasja e nipit t\u00eb Viktor Bardhit, Kristiani i cili u ekzekutua n\u00eb janar 2025, ngjarje p\u00ebr t\u00eb cil\u00ebn u shoq\u00ebrua edhe nipi i Kastriot Re\u00e7it.<\/p>\n\n\n\n<p class=\"wp-block-paragraph\">9 shtator 2016<\/p>\n\n\n\n<p class=\"wp-block-paragraph\">Gjith\u00e7ka ka nisur m\u00eb 9 shtator 2016, mes fiseve Re\u00e7i e Gjini n\u00eb Rr\u00ebshen, konflikt q\u00eb do t\u00eb pasonte shum\u00eb viktima. At\u00eb dit\u00eb u vra Saimir Jaku, ish-drejtor i linj\u00ebs s\u00eb Tensionit t\u00eb Lart\u00eb p\u00ebr veriun n\u00eb OSHEE. Ai u q\u00ebllua p\u00ebr vdekje me kallash kur pinte kafe n\u00eb lokal.<\/p>\n\n\n\n<p class=\"wp-block-paragraph\">28 prill 2017<\/p>\n\n\n\n<p class=\"wp-block-paragraph\">M\u00eb 28 prill 2017 u vra n\u00eb Rom\u00eb t\u00eb Italis\u00eb, Gasper Re\u00e7i, 43 vje\u00e7. Sipas autoriteteve dyshohej se vrasja e Gasper Re\u00e7it t\u00eb vinte si hakmarrje p\u00ebr ekzekutimin e Saimir Jakut.<\/p>\n\n\n\n<p class=\"wp-block-paragraph\">6 shtator 2017<\/p>\n\n\n\n<p class=\"wp-block-paragraph\">Nuk kaloi shum\u00eb dhe m\u00eb 6 shtator 2017 n\u00eb Belgjik\u00eb, u vra Kreshnik Gjini, nipi i Saimir Jakut. Dyshimet e policis\u00eb belge ishin se ngjarja vinte si hakmarrje p\u00ebr vrasjen e Gasper Re\u00e7it n\u00eb Itali. Gjini u vra n\u00eb komun\u00ebn e Forestit t\u00eb Belgjik\u00eb, nga persona t\u00eb maskuar, t\u00eb cil\u00ebt q\u00eblluan drejt\u00eb tij dhe humbi jet\u00ebn menj\u00ebher\u00eb. Familja Bardhi dhe Gjini, njihen p\u00ebr miq\u00ebsit\u00eb me nj\u00ebra- tjetr\u00ebn.<\/p>\n\n\n\n<p class=\"wp-block-paragraph\">13 gusht 2019<\/p>\n\n\n\n<p class=\"wp-block-paragraph\">N\u00eb sy t\u00eb dy f\u00ebmij\u00ebve u ekzekutua m\u00eb 13 gusht 2019 Armando Gjini, i njohur me emrin Tonin Gjini. Ai u q\u00ebllua disa her\u00eb, nd\u00ebrsa ndodhej brenda automjetit t\u00eb tij p\u00ebrball\u00eb katedrales. Viktima ishte person i njohur n\u00eb qytetin e Rr\u00ebshenit, kjo edhe p\u00ebr shkak t\u00eb arrestimit t\u00eb tij n\u00eb vitin 2018 dhe vendosjes s\u00eb eksplozivit n\u00eb makin\u00eb pak koh\u00eb para vrasjes.<\/p>\n\n\n\n<p class=\"wp-block-paragraph\">7 janar 2020<\/p>\n\n\n\n<p class=\"wp-block-paragraph\">Kastriot Re\u00e7i u ekzekutua me arm\u00eb zjarri p\u00ebrpara lokalit t\u00eb tij n\u00eb qend\u00ebr t\u00eb Rr\u00ebshenit, teksa rihapi plag\u00ebn e vjet\u00ebr t\u00eb hakmarrjes n\u00eb Mirdit\u00eb n\u00eb fillim t\u00eb 2020-\u00ebs. Emri i tij ishte lakuar prej koh\u00ebsh p\u00ebr trafikim droge, edhe pse n\u00eb fakt nuk ishte skeduar asnj\u00ebher\u00eb. Re\u00e7i u ekzekutua n\u00eb nj\u00eb plan t\u00eb mir\u00eborganizuar me nj\u00eb plumb t\u00eb vet\u00ebm n\u00eb zem\u00ebr, me snajper, q\u00eb dyshohet vras\u00ebs me pages\u00eb. Pasi takon nj\u00eb grua e cila mbante p\u00ebrdore nj\u00eb f\u00ebmij\u00eb n\u00eb sh\u00ebtitoren e qytetit, q\u00ebllohet dhe bie menj\u00ebher\u00eb n\u00eb tok\u00eb.<\/p>\n\n\n\n<p class=\"wp-block-paragraph\">15 shtator 2020<\/p>\n\n\n\n<p class=\"wp-block-paragraph\">Mbi ur\u00ebn e Nisharakut n\u00eb Tiran\u00eb u tentua m\u00eb 15 shtator 2020 eliminimi fizik i Preng Gjinit. N\u00eb makin\u00ebn me t\u00eb cil\u00ebn udh\u00ebtonte i ishte vendosur nj\u00eb sasi tritoli 400 gram\u00eb C4, n\u00eb pjes\u00ebn e p\u00ebrparme, me shp\u00ebrthim t\u00eb kontrolluar n\u00eb distanc\u00eb. Atentati q\u00eb at\u00ebher\u00eb u dyshua se lidhet me sag\u00ebn e hakmarrjeve mes dy fiseve, por n\u00eb deklarat\u00ebn e b\u00ebr\u00eb nga vet\u00eb Gjini m\u00eb von\u00eb e mohoi.<\/p>\n\n\n\n<p class=\"wp-block-paragraph\">15 dhjetor 2020<\/p>\n\n\n\n<p class=\"wp-block-paragraph\">Anton Keli u ekzekutua m\u00eb 15 dhjetor 2020 duke zbritur nga makina n\u00eb Rr\u00ebshen. Pasi u q\u00ebllua l\u00ebvizi n\u00eb k\u00ebmb\u00eb p\u00ebr disa metra, hyri n\u00eb nj\u00eb markat i plagosur. Ka qen\u00eb shit\u00ebsja ajo q\u00eb ka lajm\u00ebruar policin\u00eb dhe ambulanc\u00ebn, por nuk mundi t\u00eb mbijetoj\u00eb. 51-vje\u00e7ari u q\u00ebllua me pistolet\u00eb nga nj\u00eb distanc\u00eb e af\u00ebrt dhe nj\u00eb nga plumbat e preku gjoks. Keli ishte kush\u00ebriri i Armando dhe Preng Gjinit. Vrasja e tij dyshohet se lidhet me sag\u00ebn e hakmarrjeve mes dy fiseve Gjini dhe Re\u00e7i.<\/p>\n\n\n\n<p class=\"wp-block-paragraph\">26 shtator 2023<\/p>\n\n\n\n<p class=\"wp-block-paragraph\">Martin Bardhi u q\u00ebllua me bresh\u00ebri plumbash n\u00eb lokalin e tij n\u00eb shtator. Ai ndodhej n\u00eb tavolin\u00eb me 3 t\u00eb af\u00ebrm t\u00eb tij, kur 2 autor\u00eb t\u00eb maskuar zbrit\u00ebn nga nj\u00eb mjet dhe q\u00eblluan me bresh\u00ebri kallashi. Nj\u00eb muaj para se t\u00eb vritej, Martin Bardhi kishte dal\u00eb nga paraburgimi i Lezh\u00ebs, i arrestuar p\u00ebr nj\u00eb tentativ\u00eb p\u00ebr t\u00eb vrar\u00eb Saimir Re\u00e7in, nipin e Kastriot Re\u00e7it.<\/p>\n\n\n\n<p class=\"wp-block-paragraph\">13 janar 2025<\/p>\n\n\n\n<p class=\"wp-block-paragraph\">Kristian Bardhi allias Marku u ekzekutua n\u00eb aksin Fier-Vlor\u00eb pasditen e 13 janarit 2025. Autor\u00ebt q\u00eb dyshohet se kan\u00eb qen\u00eb 3, i kan\u00eb z\u00ebn\u00eb prit\u00eb n\u00eb mbikalimin e Novosel\u00ebs dhe m\u00eb pas e q\u00eblluan m\u00eb shum\u00eb se 13 her\u00eb me arm\u00eb pistolet\u00eb.<\/p>\n","protected":false},"excerpt":{"rendered":"<p>Vrasja e 69-vje\u00e7arit Viktor Bardhi k\u00ebt\u00eb t\u00eb enjte n\u00eb Mirdit\u00eb dyshohet t\u00eb jet\u00eb vijim\u00ebsi e nj\u00eb kalvari t\u00eb gjat\u00eb konfliktesh q\u00eb jan\u00eb mbyllur me shum\u00eb viktima. E fundit p\u00ebrplasje plumbash mes fiseve ishte vrasja e nipit t\u00eb Viktor Bardhit, Kristiani i cili u ekzekutua n\u00eb janar 2025, ngjarje p\u00ebr t\u00eb cil\u00ebn u shoq\u00ebrua edhe nipi [&hellip;]<\/p>\n","protected":false},"author":2013,"featured_media":430648,"comment_status":"closed","ping_status":"closed","sticky":false,"template":"","format":"standard","meta":{"footnotes":""},"categories":[241,323,5380,231,235],"tags":[],"class_list":["post-430647","post","type-post","status-publish","format-standard","has-post-thumbnail","category-aktualitet","category-kronika-e-zeze","category-kryesore","category-lajme","category-vendi"],"_links":{"self":[{"href":"https:\/\/zjarr.tv\/sq\/wp-json\/wp\/v2\/posts\/430647","targetHints":{"allow":["GET"]}}],"collection":[{"href":"https:\/\/zjarr.tv\/sq\/wp-json\/wp\/v2\/posts"}],"about":[{"href":"https:\/\/zjarr.tv\/sq\/wp-json\/wp\/v2\/types\/post"}],"author":[{"embeddable":true,"href":"https:\/\/zjarr.tv\/sq\/wp-json\/wp\/v2\/users\/2013"}],"replies":[{"embeddable":true,"href":"https:\/\/zjarr.tv\/sq\/wp-json\/wp\/v2\/comments?post=430647"}],"version-history":[{"count":1,"href":"https:\/\/zjarr.tv\/sq\/wp-json\/wp\/v2\/posts\/430647\/revisions"}],"predecessor-version":[{"id":430649,"href":"https:\/\/zjarr.tv\/sq\/wp-json\/wp\/v2\/posts\/430647\/revisions\/430649"}],"wp:featuredmedia":[{"embeddable":true,"href":"https:\/\/zjarr.tv\/sq\/wp-json\/wp\/v2\/media\/430648"}],"wp:attachment":[{"href":"https:\/\/zjarr.tv\/sq\/wp-json\/wp\/v2\/media?parent=430647"}],"wp:term":[{"taxonomy":"category","embeddable":true,"href":"https:\/\/zjarr.tv\/sq\/wp-json\/wp\/v2\/categories?post=430647"},{"taxonomy":"post_tag","embeddable":true,"href":"https:\/\/zjarr.tv\/sq\/wp-json\/wp\/v2\/tags?post=430647"}],"curies":[{"name":"wp","href":"https:\/\/api.w.org\/{rel}","templated":true}]}}