{"id":430654,"date":"2026-09-03T14:25:15","date_gmt":"2026-09-03T12:25:15","guid":{"rendered":"https:\/\/zjarr.tv\/?p=430654"},"modified":"2026-09-03T14:25:19","modified_gmt":"2026-09-03T12:25:19","slug":"e-rende-te-313-ne-tirane-dumani-godet-me-grusht-policin-e-burgjeve","status":"publish","type":"post","link":"https:\/\/zjarr.tv\/sq\/e-rende-te-313-ne-tirane-dumani-godet-me-grusht-policin-e-burgjeve\/","title":{"rendered":"E r\u00ebnd\u00eb te 313 n\u00eb Tiran\u00eb, Dumani godet me grusht policin e burgjeve"},"content":{"rendered":"\n<p class=\"wp-block-paragraph\">Nj\u00eb ngjarje e paprecedent\u00eb ka ndodhur n\u00eb ambientet e paraburgimit Nr. 313 n\u00eb Tiran\u00eb, ku pik\u00ebrisht n\u00eb sektorin e siguris\u00eb s\u00eb lart\u00eb, ku jan\u00eb izoluar disa nga bashk\u00ebpun\u00ebtor\u00ebt e Drejt\u00ebsis\u00eb, ka ndodhur nj\u00eb p\u00ebrplasje fizike mes vras\u00ebsit me pages\u00eb Nuredin Dumani dhe policit t\u00eb Drejtoris\u00eb s\u00eb Mbrojtjes s\u00eb D\u00ebshmitar\u00ebve, Rexhep Sina.<\/p>\n\n\n\n<p class=\"wp-block-paragraph\">Ngjarja \u00ebsht\u00eb regjistruar n\u00eb mesin e muajit gusht 2026, brenda ambienteve t\u00eb paraburgimi.<\/p>\n\n\n\n<p class=\"wp-block-paragraph\">Polici, Rexhep Sina, ka b\u00ebr\u00eb denoncim n\u00eb Policin\u00eb e Burgjeve, duke \u00e7uar q\u00eb Prokuroria e Tiran\u00ebs t\u00eb regjistroj\u00eb nj\u00eb dosje penale p\u00ebr akuz\u00ebn e \u201cGoditjes p\u00ebr shkak t\u00eb detyr\u00ebs\u201d dhe \u201cKanosjes p\u00ebr shkak t\u00eb detyr\u00ebs\u201d.<\/p>\n\n\n\n<p class=\"wp-block-paragraph\">Bashk\u00ebpun\u00ebtori i SPAK, Nuredin Dumani, ka goditur fizikisht punonj\u00ebsin e policis\u00eb, q\u00eb ishte ngarkuar nga vet\u00eb Drejtoria e Mbrojtjes s\u00eb D\u00ebshmitar\u00ebve p\u00ebr garantimin e siguris\u00eb fizike t\u00eb t\u00eb penduarit, Nuredin Dumani.<\/p>\n\n\n\n<p class=\"wp-block-paragraph\">Ende nuk dihet me sakt\u00ebsi se cili ka qen\u00eb motivi i k\u00ebtij konflikti q\u00eb ka \u00e7uar Nuredin Dumanin n\u00eb goditjen e punonj\u00ebsit t\u00eb policis\u00eb.\/Syri<\/p>\n\n\n\n<p class=\"wp-block-paragraph\"><a target=\"_blank\" href=\"https:\/\/www.facebook.com\/sharer\/sharer.php?u=https%3A%2F%2Falfapress.al%2Fe-rende-te-313-ne-tirane-dumani-godet-me-grusht-policin-e-burgjeve-i202048\" rel=\"noreferrer noopener\"><\/a><a target=\"_blank\" href=\"https:\/\/api.whatsapp.com\/send?text=E%20r%C3%ABnd%C3%AB%20te%20313%20n%C3%AB%20Tiran%C3%AB%2C%20Dumani%20godet%20me%20grusht%20policin%20e%20burgjeve%20-%20AKTUALITET...https%3A%2F%2Falfapress.al%2Fe-rende-te-313-ne-tirane-dumani-godet-me-grusht-policin-e-burgjeve-i202048\" rel=\"noreferrer noopener\"><\/a><a target=\"_blank\" href=\"https:\/\/twitter.com\/intent\/tweet?text=E%20r%C3%ABnd%C3%AB%20te%20313%20n%C3%AB%20Tiran%C3%AB%2C%20Dumani%20godet%20me%20grusht%20policin%20e%20burgjeve%20-%20AKTUALITET...https%3A%2F%2Falfapress.al%2Fe-rende-te-313-ne-tirane-dumani-godet-me-grusht-policin-e-burgjeve-i202048\" rel=\"noreferrer noopener\"><\/a><a target=\"_blank\" href=\"https:\/\/www.linkedin.com\/sharing\/share-offsite\/?url=https%3A%2F%2Falfapress.al%2Fe-rende-te-313-ne-tirane-dumani-godet-me-grusht-policin-e-burgjeve-i202048\" rel=\"noreferrer noopener\"><\/a><\/p>\n","protected":false},"excerpt":{"rendered":"<p>Nj\u00eb ngjarje e paprecedent\u00eb ka ndodhur n\u00eb ambientet e paraburgimit Nr. 313 n\u00eb Tiran\u00eb, ku pik\u00ebrisht n\u00eb sektorin e siguris\u00eb s\u00eb lart\u00eb, ku jan\u00eb izoluar disa nga bashk\u00ebpun\u00ebtor\u00ebt e Drejt\u00ebsis\u00eb, ka ndodhur nj\u00eb p\u00ebrplasje fizike mes vras\u00ebsit me pages\u00eb Nuredin Dumani dhe policit t\u00eb Drejtoris\u00eb s\u00eb Mbrojtjes s\u00eb D\u00ebshmitar\u00ebve, Rexhep Sina. Ngjarja \u00ebsht\u00eb regjistruar n\u00eb [&hellip;]<\/p>\n","protected":false},"author":2013,"featured_media":430655,"comment_status":"closed","ping_status":"closed","sticky":false,"template":"","format":"standard","meta":{"footnotes":""},"categories":[241,364,323,5380,231,235],"tags":[],"class_list":["post-430654","post","type-post","status-publish","format-standard","has-post-thumbnail","category-aktualitet","category-koment-opinion","category-kronika-e-zeze","category-kryesore","category-lajme","category-vendi"],"_links":{"self":[{"href":"https:\/\/zjarr.tv\/sq\/wp-json\/wp\/v2\/posts\/430654","targetHints":{"allow":["GET"]}}],"collection":[{"href":"https:\/\/zjarr.tv\/sq\/wp-json\/wp\/v2\/posts"}],"about":[{"href":"https:\/\/zjarr.tv\/sq\/wp-json\/wp\/v2\/types\/post"}],"author":[{"embeddable":true,"href":"https:\/\/zjarr.tv\/sq\/wp-json\/wp\/v2\/users\/2013"}],"replies":[{"embeddable":true,"href":"https:\/\/zjarr.tv\/sq\/wp-json\/wp\/v2\/comments?post=430654"}],"version-history":[{"count":1,"href":"https:\/\/zjarr.tv\/sq\/wp-json\/wp\/v2\/posts\/430654\/revisions"}],"predecessor-version":[{"id":430656,"href":"https:\/\/zjarr.tv\/sq\/wp-json\/wp\/v2\/posts\/430654\/revisions\/430656"}],"wp:featuredmedia":[{"embeddable":true,"href":"https:\/\/zjarr.tv\/sq\/wp-json\/wp\/v2\/media\/430655"}],"wp:attachment":[{"href":"https:\/\/zjarr.tv\/sq\/wp-json\/wp\/v2\/media?parent=430654"}],"wp:term":[{"taxonomy":"category","embeddable":true,"href":"https:\/\/zjarr.tv\/sq\/wp-json\/wp\/v2\/categories?post=430654"},{"taxonomy":"post_tag","embeddable":true,"href":"https:\/\/zjarr.tv\/sq\/wp-json\/wp\/v2\/tags?post=430654"}],"curies":[{"name":"wp","href":"https:\/\/api.w.org\/{rel}","templated":true}]}}