{"id":430660,"date":"2026-09-04T12:58:54","date_gmt":"2026-09-04T10:58:54","guid":{"rendered":"https:\/\/zjarr.tv\/?p=430660"},"modified":"2026-09-04T12:58:57","modified_gmt":"2026-09-04T10:58:57","slug":"a-do-ta-takoni-donald-trump-berisha-pergjigjet-para-nisjes-ne-shba","status":"publish","type":"post","link":"https:\/\/zjarr.tv\/sq\/a-do-ta-takoni-donald-trump-berisha-pergjigjet-para-nisjes-ne-shba\/","title":{"rendered":"A do ta takoni Donald Trump? Berisha p\u00ebrgjigjet para nisjes n\u00eb SHBA"},"content":{"rendered":"\n<p class=\"wp-block-paragraph\">Kreu i PD Sali Berisha \u00ebsht\u00eb shprehur se vizita e tij n\u00eb Shtetet e Bashkuara t\u00eb Amerik\u00ebs p\u00ebrb\u00ebn nj\u00eb moment t\u00eb r\u00ebnd\u00ebsish\u00ebm p\u00ebr Shqip\u00ebrin\u00eb dhe shqiptar\u00ebt.<\/p>\n\n\n\n<p class=\"wp-block-paragraph\">Para nisjes drejt SHBA, Berisha deklaroi se shkon n\u00eb Amerik\u00eb me t\u00eb nj\u00ebjt\u00ebn bindje q\u00eb kishte n\u00eb mars t\u00eb vitit 1991.<\/p>\n\n\n\n<p class=\"wp-block-paragraph\">\u201cNisem p\u00ebr n\u00eb SHBA po me at\u00eb bindje si n\u00eb mars t\u00eb 1991 se vendi i madh i liris\u00eb do mb\u00ebshtes\u00eb Shqip\u00ebrin\u00eb dhe shqiptar\u00ebt n\u00eb p\u00ebrpjekjet e tyre p\u00ebr tu \u00e7liruar nga diktatura autoritare e bazuar n\u00eb drog\u00ebn, krimin dhe vjedhjen e shqiptar\u00ebve.<\/p>\n\n\n\n<p class=\"wp-block-paragraph\">Prania juaj k\u00ebtu d\u00ebshmon se ky \u00ebsht\u00eb udh\u00ebtimi i viteve p\u00ebr Shqip\u00ebrin\u00eb. N\u00eb rrafshin tim un\u00eb shkoj dhe takoj miqt\u00eb e tij u them \u201cUn\u00eb erdha\u201d.<\/p>\n\n\n\n<p class=\"wp-block-paragraph\">I pyetur n\u00ebse do t\u00eb takoj\u00eb Donald Trump, Berisha duke qeshur tha: Jo nuk do ta takoj.<\/p>\n\n\n\n<p class=\"wp-block-paragraph\">Nj\u00eb mesazh kishte edhe p\u00ebr Edi Ram\u00ebn: \u201cP\u00ebr padronen i them se \u201cpo niset si padrino dhe po arrin si Ramaduro\u201d<\/p>\n","protected":false},"excerpt":{"rendered":"<p>Kreu i PD Sali Berisha \u00ebsht\u00eb shprehur se vizita e tij n\u00eb Shtetet e Bashkuara t\u00eb Amerik\u00ebs p\u00ebrb\u00ebn nj\u00eb moment t\u00eb r\u00ebnd\u00ebsish\u00ebm p\u00ebr Shqip\u00ebrin\u00eb dhe shqiptar\u00ebt. Para nisjes drejt SHBA, Berisha deklaroi se shkon n\u00eb Amerik\u00eb me t\u00eb nj\u00ebjt\u00ebn bindje q\u00eb kishte n\u00eb mars t\u00eb vitit 1991. \u201cNisem p\u00ebr n\u00eb SHBA po me at\u00eb bindje [&hellip;]<\/p>\n","protected":false},"author":2013,"featured_media":430661,"comment_status":"closed","ping_status":"closed","sticky":false,"template":"","format":"standard","meta":{"footnotes":""},"categories":[241,5380,231,1454,235],"tags":[],"class_list":["post-430660","post","type-post","status-publish","format-standard","has-post-thumbnail","category-aktualitet","category-kryesore","category-lajme","category-politike","category-vendi"],"_links":{"self":[{"href":"https:\/\/zjarr.tv\/sq\/wp-json\/wp\/v2\/posts\/430660","targetHints":{"allow":["GET"]}}],"collection":[{"href":"https:\/\/zjarr.tv\/sq\/wp-json\/wp\/v2\/posts"}],"about":[{"href":"https:\/\/zjarr.tv\/sq\/wp-json\/wp\/v2\/types\/post"}],"author":[{"embeddable":true,"href":"https:\/\/zjarr.tv\/sq\/wp-json\/wp\/v2\/users\/2013"}],"replies":[{"embeddable":true,"href":"https:\/\/zjarr.tv\/sq\/wp-json\/wp\/v2\/comments?post=430660"}],"version-history":[{"count":1,"href":"https:\/\/zjarr.tv\/sq\/wp-json\/wp\/v2\/posts\/430660\/revisions"}],"predecessor-version":[{"id":430662,"href":"https:\/\/zjarr.tv\/sq\/wp-json\/wp\/v2\/posts\/430660\/revisions\/430662"}],"wp:featuredmedia":[{"embeddable":true,"href":"https:\/\/zjarr.tv\/sq\/wp-json\/wp\/v2\/media\/430661"}],"wp:attachment":[{"href":"https:\/\/zjarr.tv\/sq\/wp-json\/wp\/v2\/media?parent=430660"}],"wp:term":[{"taxonomy":"category","embeddable":true,"href":"https:\/\/zjarr.tv\/sq\/wp-json\/wp\/v2\/categories?post=430660"},{"taxonomy":"post_tag","embeddable":true,"href":"https:\/\/zjarr.tv\/sq\/wp-json\/wp\/v2\/tags?post=430660"}],"curies":[{"name":"wp","href":"https:\/\/api.w.org\/{rel}","templated":true}]}}