{"id":430663,"date":"2026-09-04T13:11:41","date_gmt":"2026-09-04T11:11:41","guid":{"rendered":"https:\/\/zjarr.tv\/?p=430663"},"modified":"2026-09-04T13:11:47","modified_gmt":"2026-09-04T11:11:47","slug":"fushe-arrezi-kunder-reformes-territoriale-nuk-duam-bashkim-me-puken","status":"publish","type":"post","link":"https:\/\/zjarr.tv\/sq\/fushe-arrezi-kunder-reformes-territoriale-nuk-duam-bashkim-me-puken\/","title":{"rendered":"Fush\u00eb Arr\u00ebzi kund\u00ebr Reform\u00ebs Territoriale: Nuk duam bashkim me Puk\u00ebn!"},"content":{"rendered":"\n<p class=\"wp-block-paragraph\">N\u00eb Fush\u00eb-Arr\u00ebz nis\u00ebn konsultimet publike me qytetar\u00ebt, lidhur me propozimin e mazhoranc\u00ebs socialiste p\u00ebr shkrirjen e k\u00ebsaj bashkie me Puk\u00ebn. Q\u00eb dit\u00ebn e par\u00eb t\u00eb publikimit t\u00eb draft-propozimit, banor\u00ebt e Fush\u00eb-Arr\u00ebzit kund\u00ebrshtuan, me arsyetimin se do t\u00eb v\u00ebshtir\u00ebsohet marrja e sh\u00ebrbimeve p\u00ebr ta.<\/p>\n\n\n\n<p class=\"wp-block-paragraph\">N\u00eb diskutime mori pjes\u00eb edhe Frat Andreas Walterman, i cili sh\u00ebrben n\u00eb Fush\u00eb-Arr\u00ebz prej afro 20 vitesh. Frati fran\u00e7eskan thot\u00eb se fshatrat e Fush\u00eb-Arr\u00ebzit jan\u00eb braktisur masivisht, p\u00ebr shkak t\u00eb munges\u00ebs s\u00eb v\u00ebmendjes nga shteti, nd\u00ebrsa shkrirja e bashkis\u00eb do t\u00eb sillte p\u00ebrkeq\u00ebsim t\u00eb kushteve edhe n\u00eb qytet.<\/p>\n\n\n\n<p class=\"wp-block-paragraph\">Qytetar\u00ebt e Fush\u00eb-Arr\u00ebzit e konsiderojn\u00eb si d\u00ebnim shkrirjen e bashkis\u00eb, pasi do t\u2019iu duhet t\u00eb udh\u00ebtojn\u00eb kilometra t\u00eb t\u00ebra nga fshatrat m\u00eb t\u00eb larg\u00ebt drejt Puk\u00ebs, p\u00ebr plot\u00ebsimin e nevojave administrative. Nj\u00ebz\u00ebri qytetar\u00ebt than\u00eb se nuk \u00ebsht\u00eb koha p\u00ebr ndasi politike mes tyre, por bashk\u00ebrisht duhet t\u00eb ngrihen kund\u00ebr k\u00ebtij propozimi.<\/p>\n\n\n\n<p class=\"wp-block-paragraph\">Pak jav\u00eb m\u00eb par\u00eb, kryetar\u00ebt e Nj\u00ebsive Administrative dhe kryepleqt\u00eb e t\u00eb gjith\u00eb fshatrave t\u00eb Fush\u00eb-Arr\u00ebzit zhvilluan nj\u00eb kuvend t\u00eb p\u00ebrbashk\u00ebt, n\u00eb kund\u00ebrshtim t\u00eb propozimit q\u00eb i \u00ebsht\u00eb d\u00ebrguar Parlamentit p\u00ebr votim. Po ashtu, jan\u00eb mbajtur edhe disa protesta, n\u00eb qytetin q\u00eb drejtohet nga nj\u00eb kryetar i djatht\u00eb.<\/p>\n","protected":false},"excerpt":{"rendered":"<p>N\u00eb Fush\u00eb-Arr\u00ebz nis\u00ebn konsultimet publike me qytetar\u00ebt, lidhur me propozimin e mazhoranc\u00ebs socialiste p\u00ebr shkrirjen e k\u00ebsaj bashkie me Puk\u00ebn. Q\u00eb dit\u00ebn e par\u00eb t\u00eb publikimit t\u00eb draft-propozimit, banor\u00ebt e Fush\u00eb-Arr\u00ebzit kund\u00ebrshtuan, me arsyetimin se do t\u00eb v\u00ebshtir\u00ebsohet marrja e sh\u00ebrbimeve p\u00ebr ta. N\u00eb diskutime mori pjes\u00eb edhe Frat Andreas Walterman, i cili sh\u00ebrben n\u00eb [&hellip;]<\/p>\n","protected":false},"author":2013,"featured_media":430664,"comment_status":"closed","ping_status":"closed","sticky":false,"template":"","format":"standard","meta":{"footnotes":""},"categories":[241,364,5380,231,1454,235],"tags":[],"class_list":["post-430663","post","type-post","status-publish","format-standard","has-post-thumbnail","category-aktualitet","category-koment-opinion","category-kryesore","category-lajme","category-politike","category-vendi"],"_links":{"self":[{"href":"https:\/\/zjarr.tv\/sq\/wp-json\/wp\/v2\/posts\/430663","targetHints":{"allow":["GET"]}}],"collection":[{"href":"https:\/\/zjarr.tv\/sq\/wp-json\/wp\/v2\/posts"}],"about":[{"href":"https:\/\/zjarr.tv\/sq\/wp-json\/wp\/v2\/types\/post"}],"author":[{"embeddable":true,"href":"https:\/\/zjarr.tv\/sq\/wp-json\/wp\/v2\/users\/2013"}],"replies":[{"embeddable":true,"href":"https:\/\/zjarr.tv\/sq\/wp-json\/wp\/v2\/comments?post=430663"}],"version-history":[{"count":1,"href":"https:\/\/zjarr.tv\/sq\/wp-json\/wp\/v2\/posts\/430663\/revisions"}],"predecessor-version":[{"id":430665,"href":"https:\/\/zjarr.tv\/sq\/wp-json\/wp\/v2\/posts\/430663\/revisions\/430665"}],"wp:featuredmedia":[{"embeddable":true,"href":"https:\/\/zjarr.tv\/sq\/wp-json\/wp\/v2\/media\/430664"}],"wp:attachment":[{"href":"https:\/\/zjarr.tv\/sq\/wp-json\/wp\/v2\/media?parent=430663"}],"wp:term":[{"taxonomy":"category","embeddable":true,"href":"https:\/\/zjarr.tv\/sq\/wp-json\/wp\/v2\/categories?post=430663"},{"taxonomy":"post_tag","embeddable":true,"href":"https:\/\/zjarr.tv\/sq\/wp-json\/wp\/v2\/tags?post=430663"}],"curies":[{"name":"wp","href":"https:\/\/api.w.org\/{rel}","templated":true}]}}