{"id":430666,"date":"2026-09-04T13:51:40","date_gmt":"2026-09-04T11:51:40","guid":{"rendered":"https:\/\/zjarr.tv\/?p=430666"},"modified":"2026-09-04T13:51:44","modified_gmt":"2026-09-04T11:51:44","slug":"meta-pranon-gabimin-rikthen-llogarite-e-revolucionit-te-flamingove","status":"publish","type":"post","link":"https:\/\/zjarr.tv\/sq\/meta-pranon-gabimin-rikthen-llogarite-e-revolucionit-te-flamingove\/","title":{"rendered":"Meta pranon gabimin, rikthen llogarit\u00eb e \u201cRevolucionit t\u00eb Flamingove\u201d"},"content":{"rendered":"\n<p class=\"wp-block-paragraph\">Meta pranoi t\u00eb premten se kishte mbyllur gabimisht disa prej llogarive n\u00eb Instagram t\u00eb aktivist\u00ebve dhe mb\u00ebshtet\u00ebsve t\u00eb protest\u00ebs s\u00eb njohur si \u201cRevolucioni i Flamingove\u201d, t\u00eb cilat u zhduk\u00ebn nga platforma pothuajse nj\u00ebkoh\u00ebsisht gjat\u00eb 24 or\u00ebve t\u00eb fundit.<\/p>\n\n\n\n<p class=\"wp-block-paragraph\">N\u00eb nj\u00eb p\u00ebrgjigje p\u00ebr BIRN, kompania tha se po rishikonte masat e marra ndaj llogarive dhe se disa prej tyre ishin rikthyer<\/p>\n\n\n\n<p class=\"wp-block-paragraph\">\u201cPo shqyrtojm\u00eb masat q\u00eb kemi marr\u00eb ndaj k\u00ebtyre llogarive, por kemi rikthyer tashm\u00eb disa prej atyre q\u00eb u hoq\u00ebn gabimisht,\u201d tha nj\u00eb z\u00ebdh\u00ebn\u00ebs i Meta-s. \u201cNa vjen keq p\u00ebr shqet\u00ebsimin e shkaktuar,\u201d shtoi ai.<\/p>\n\n\n\n<p class=\"wp-block-paragraph\">Kompania nuk b\u00ebri t\u00eb ditur numrin e llogarive t\u00eb mbyllura gabimisht, arsyet q\u00eb \u00e7uan n\u00eb pezullimin e tyre apo n\u00ebse vendimet ishin nxitur nga raportime masive nga p\u00ebrdorues t\u00eb tjer\u00eb.<\/p>\n\n\n\n<p class=\"wp-block-paragraph\">Meta shtoi se p\u00ebrdoruesit mund t\u2019i kund\u00ebrshtojn\u00eb vendimet e moderimit p\u00ebrmes mekanizmave t\u00eb apelimit.<\/p>\n\n\n\n<p class=\"wp-block-paragraph\">\u201cNe kemi procese apelimi q\u00eb njer\u00ebzit mund t\u2019i p\u00ebrdorin kur mendojn\u00eb se kemi b\u00ebr\u00eb nj\u00eb gabim, n\u00eb m\u00ebnyr\u00eb q\u00eb t\u00eb mund ta rikthejm\u00eb p\u00ebrmbajtjen n\u00ebse p\u00ebrcaktojm\u00eb se ajo nuk shkel [rregullat],\u201d tha z\u00ebdh\u00ebn\u00ebsi.<\/p>\n\n\n\n<p class=\"wp-block-paragraph\">Reagimi i Meta-s erdhi pas nj\u00eb shkrimi t\u00eb BIRN mbi mbylljen e dhjet\u00ebra profileve n\u00eb Instagram, em\u00ebruesi i p\u00ebrbashk\u00ebt i t\u00eb cilave ishte mb\u00ebshtetja ose pasqyrimi i protestave t\u00eb njohura si \u201cRevolucioni i Flamingove\u201d.<\/p>\n\n\n\n<p class=\"wp-block-paragraph\">Mes profileve t\u00eb mbyllura ishte llogaria e verifikuar e deputetit t\u00eb opozit\u00ebs Agron Shehaj, me rreth 150 mij\u00eb ndjek\u00ebs, si dhe ato t\u00eb nj\u00eb numri aktivist\u00ebsh q\u00eb kishin publikuar rregullisht materiale nga protestat.<\/p>\n\n\n\n<p class=\"wp-block-paragraph\">Mbyllja pothuajse e nj\u00ebkohshme e llogarive ngriti dyshime se ato mund t\u00eb ishin sh\u00ebnjestruar p\u00ebrmes raportimeve t\u00eb koordinuara, t\u00eb cilat kishin shkaktuar m\u00eb pas nd\u00ebrhyrjen e sistemeve t\u00eb moderimit t\u00eb Instagramit.<\/p>\n\n\n\n<p class=\"wp-block-paragraph\">Aktivist\u00ebt e prekur dhe Shehaj akuzuan qeverin\u00eb se q\u00ebndronte pas nj\u00eb fushate t\u00eb till\u00eb, nd\u00ebrsa ekspert\u00eb t\u00eb teknologjis\u00eb t\u00eb intervistuar nga BIRN paralajm\u00ebruan se mekanizmat e moderimit t\u00eb platformave mund t\u00eb manipulohen p\u00ebrmes raportimeve masive.<\/p>\n\n\n\n<p class=\"wp-block-paragraph\">Nuk ka megjithat\u00eb prova q\u00eb lidhin qeverin\u00eb shqiptare me mbylljen e llogarive dhe Meta nuk iu p\u00ebrgjigj pyetjes n\u00ebse vendimet e gabuara ishin shkaktuar nga nj\u00eb fushat\u00eb e koordinuar raportimesh.<\/p>\n\n\n\n<p class=\"wp-block-paragraph\">Pezullimet soll\u00ebn reagim edhe n\u00eb Parlamentin Europian, ku eurodeputeti dhe sekretari i p\u00ebrgjithsh\u00ebm i Partis\u00eb Demokratike Europiane, Sandro Gozi, k\u00ebrkoi shpjegime nga Meta dhe ngriti \u00e7\u00ebshtjen pran\u00eb Komisionit Europian.<\/p>\n\n\n\n<p class=\"wp-block-paragraph\">Gozi i k\u00ebrkoi Komisionit q\u00eb incidenti t\u00eb shqyrtohej n\u00eb kuad\u00ebr t\u00eb procesit t\u00eb an\u00ebtar\u00ebsimit t\u00eb Shqip\u00ebris\u00eb n\u00eb Bashkimin Europian dhe respektimit t\u00eb liris\u00eb s\u00eb shprehjes dhe pluralizmit politik.<\/p>\n\n\n\n<p class=\"wp-block-paragraph\">\u201cKur dhjet\u00ebra llogari t\u00eb opozit\u00ebs dhe aktivist\u00ebve t\u00eb lidhur me t\u00eb nj\u00ebjt\u00ebn l\u00ebvizje proteste zhduken pothuajse nj\u00ebkoh\u00ebsisht, nuk mund ta trajtojm\u00eb thjesht si nj\u00eb problem teknik,\u201d deklaroi Gozi.<\/p>\n\n\n\n<p class=\"wp-block-paragraph\">Nd\u00ebrkoh\u00eb, kryeministri Edi Rama hodhi posht\u00eb t\u00eb premten akuzat se qeveria kishte gisht n\u00eb mbylljen e llogarive, nd\u00ebrsa sulmoi edhe politikan\u00ebt europian\u00eb q\u00eb ngrit\u00ebn shqet\u00ebsime mbi incidentin.<\/p>\n\n\n\n<p class=\"wp-block-paragraph\">\u201cNe nuk kemi absolutisht asnj\u00eb lidhje me \u00e7aktivizimin apo kufizimin e ndonj\u00eb llogarie n\u00eb rrjetet sociale dhe as nuk zot\u00ebrojm\u00eb kapacitetet teknike p\u00ebr t\u00eb kryer nj\u00eb operacion t\u00eb till\u00eb,\u201d shkroi Rama n\u00eb platform\u00ebn X.<\/p>\n\n\n\n<p class=\"wp-block-paragraph\">Kryeministri i cil\u00ebsoi akuzat si \u201cpropagand\u00eb t\u00eb ul\u00ebt\u201d dhe kritikoi ashp\u00ebr reagimin e p\u00ebrfaq\u00ebsuesve t\u00eb Partis\u00eb Demokratike Europiane, t\u00eb cil\u00ebt kishin publikuar nj\u00eb imazh q\u00eb sugjeronte lidhjen e qeveris\u00eb me mbylljen e profileve.<\/p>\n\n\n\n<p class=\"wp-block-paragraph\">\u201cSi mund ta quajn\u00eb veten demokrat\u00eb k\u00ebta agjitator\u00eb, nd\u00ebrkoh\u00eb q\u00eb publikojn\u00eb nj\u00eb insinuat\u00eb vizuale kaq t\u00eb turpshme?\u201d shkroi Rama, duke e cil\u00ebsuar \u201ct\u00eb mjerueshme\u201d q\u00eb nj\u00eb akuz\u00eb e till\u00eb vinte nga njer\u00ebz q\u00eb, sipas tij, \u201cparaqiten si demokrat\u00eb europian\u00eb\u201d.\/BIRN<\/p>\n","protected":false},"excerpt":{"rendered":"<p>Meta pranoi t\u00eb premten se kishte mbyllur gabimisht disa prej llogarive n\u00eb Instagram t\u00eb aktivist\u00ebve dhe mb\u00ebshtet\u00ebsve t\u00eb protest\u00ebs s\u00eb njohur si \u201cRevolucioni i Flamingove\u201d, t\u00eb cilat u zhduk\u00ebn nga platforma pothuajse nj\u00ebkoh\u00ebsisht gjat\u00eb 24 or\u00ebve t\u00eb fundit. N\u00eb nj\u00eb p\u00ebrgjigje p\u00ebr BIRN, kompania tha se po rishikonte masat e marra ndaj llogarive dhe se [&hellip;]<\/p>\n","protected":false},"author":2013,"featured_media":430667,"comment_status":"closed","ping_status":"closed","sticky":false,"template":"","format":"standard","meta":{"footnotes":""},"categories":[241,5380,231,235],"tags":[],"class_list":["post-430666","post","type-post","status-publish","format-standard","has-post-thumbnail","category-aktualitet","category-kryesore","category-lajme","category-vendi"],"_links":{"self":[{"href":"https:\/\/zjarr.tv\/sq\/wp-json\/wp\/v2\/posts\/430666","targetHints":{"allow":["GET"]}}],"collection":[{"href":"https:\/\/zjarr.tv\/sq\/wp-json\/wp\/v2\/posts"}],"about":[{"href":"https:\/\/zjarr.tv\/sq\/wp-json\/wp\/v2\/types\/post"}],"author":[{"embeddable":true,"href":"https:\/\/zjarr.tv\/sq\/wp-json\/wp\/v2\/users\/2013"}],"replies":[{"embeddable":true,"href":"https:\/\/zjarr.tv\/sq\/wp-json\/wp\/v2\/comments?post=430666"}],"version-history":[{"count":1,"href":"https:\/\/zjarr.tv\/sq\/wp-json\/wp\/v2\/posts\/430666\/revisions"}],"predecessor-version":[{"id":430668,"href":"https:\/\/zjarr.tv\/sq\/wp-json\/wp\/v2\/posts\/430666\/revisions\/430668"}],"wp:featuredmedia":[{"embeddable":true,"href":"https:\/\/zjarr.tv\/sq\/wp-json\/wp\/v2\/media\/430667"}],"wp:attachment":[{"href":"https:\/\/zjarr.tv\/sq\/wp-json\/wp\/v2\/media?parent=430666"}],"wp:term":[{"taxonomy":"category","embeddable":true,"href":"https:\/\/zjarr.tv\/sq\/wp-json\/wp\/v2\/categories?post=430666"},{"taxonomy":"post_tag","embeddable":true,"href":"https:\/\/zjarr.tv\/sq\/wp-json\/wp\/v2\/tags?post=430666"}],"curies":[{"name":"wp","href":"https:\/\/api.w.org\/{rel}","templated":true}]}}